{"id":68462,"date":"2026-03-04T10:00:09","date_gmt":"2026-03-04T13:00:09","guid":{"rendered":"https:\/\/www.vagasempregosp.com.br\/?p=68462"},"modified":"2026-03-04T09:54:14","modified_gmt":"2026-03-04T12:54:14","slug":"analista-fiscal-senior-foco-em-tributos-diretos-sao-paulo-sp","status":"publish","type":"post","link":"https:\/\/www.vagasempregosp.com.br\/index.php\/2026\/03\/04\/analista-fiscal-senior-foco-em-tributos-diretos-sao-paulo-sp\/","title":{"rendered":"Analista Fiscal S\u00eanior (Foco em Tributos Diretos) &#8211; S\u00e3o Paulo &#8211; SP"},"content":{"rendered":"<p style=\"text-align: justify;\">Atribui\u00e7\u00f5es:<\/p>\n<ul style=\"text-align: justify;\">\n<li>Local: S\u00e3o Paulo \u2013 SP<\/li>\n<li>Modelo de trabalho: CLT Efetivo \/ H\u00edbrido<\/li>\n<\/ul>\n<p style=\"text-align: justify;\">Requisitos:<\/p>\n<ul style=\"text-align: justify;\">\n<li>Forma\u00e7\u00e3o em Direito, Contabilidade, Administra\u00e7\u00e3o ou Economia.<\/li>\n<li>Experi\u00eancia s\u00f3lida na \u00e1rea, com foco em tributos diretos.<\/li>\n<li>Ingl\u00eas intermedi\u00e1rio ou superior.<\/li>\n<li>Conhecimentos pr\u00e1ticos de Compliance relacionados a IRPJ, CSLL, Retidos e Contabilidade.<\/li>\n<li>Pacote Office avan\u00e7ado.<\/li>\n<\/ul>\n<p style=\"text-align: justify;\">Atividades e Responsabilidades:<\/p>\n<ul style=\"text-align: justify;\">\n<li>Atua\u00e7\u00e3o com Tributos Diretos: IRPJ, CSLL, IOF.<\/li>\n<li>Cumprimento de obriga\u00e7\u00f5es acess\u00f3rias (ECF, ECD, DCTF, PER\/DCOMP).<\/li>\n<li>Concilia\u00e7\u00f5es, parametriza\u00e7\u00e3o fiscal, controles e planejamento tribut\u00e1rio.<\/li>\n<li>Relacionamento com auditoria, suporte a fiscaliza\u00e7\u00f5es e elabora\u00e7\u00e3o de relat\u00f3rios gerenciais.<\/li>\n<\/ul>\n<p style=\"text-align: justify;\">Jornada de Trabalho:<\/p>\n<ul style=\"text-align: justify;\">\n<li>Modelo H\u00edbrido.<\/li>\n<\/ul>\n<p style=\"text-align: justify;\">Benef\u00edcios:<\/p>\n<ul style=\"text-align: justify;\">\n<li>Vale Refei\u00e7\u00e3o e Transporte, Assist\u00eancia M\u00e9dica e Odontol\u00f3gica, Seguro de Vida, Aux\u00edlio Creche, Conv\u00eanio Farm\u00e1cia e Educacional, Wellhub, Day Off anivers\u00e1rio, Conv\u00eanio Sesc.<\/li>\n<\/ul>\n<p style=\"text-align: justify;\">Data m\u00e1xima para envio de curr\u00edculos: 03-04-2026<\/p>\n<p style=\"text-align: justify;\">Enviar curr\u00edculo informando no assunto do e-mail a vaga de interesse para <a href=\"mailto:oportunidades@hesselbach.com.br\">oportunidades@hesselbach.com.br<\/a><\/p>\n","protected":false},"excerpt":{"rendered":"<p>Atribui\u00e7\u00f5es: Local: S\u00e3o Paulo \u2013 SP Modelo de trabalho: CLT Efetivo \/ H\u00edbrido Requisitos: Forma\u00e7\u00e3o em Direito, Contabilidade, Administra\u00e7\u00e3o ou Economia. Experi\u00eancia s\u00f3lida na \u00e1rea, [&#8230;]<\/p>\n","protected":false},"author":2,"featured_media":0,"comment_status":"closed","ping_status":"closed","sticky":false,"template":"","format":"standard","meta":{"footnotes":""},"categories":[105,18,117,52,55],"tags":[],"class_list":["post-68462","post","type-post","status-publish","format-standard","hentry","category-administrativa","category-contabil-financeiro-contabilista-contador-tecnico","category-ensino-superior","category-ingles","category-juridica-advogado"],"yoast_head":"<!-- This site is optimized with the Yoast SEO plugin v27.4 - https:\/\/yoast.com\/product\/yoast-seo-wordpress\/ -->\n<title>Analista Fiscal S\u00eanior (Foco em Tributos Diretos) - S\u00e3o Paulo - SP - VagasEmpregoSP<\/title>\n<meta name=\"robots\" content=\"index, follow, max-snippet:-1, max-image-preview:large, max-video-preview:-1\" \/>\n<link rel=\"canonical\" href=\"https:\/\/www.vagasempregosp.com.br\/index.php\/2026\/03\/04\/analista-fiscal-senior-foco-em-tributos-diretos-sao-paulo-sp\/\" \/>\n<meta property=\"og:locale\" content=\"pt_BR\" \/>\n<meta property=\"og:type\" content=\"article\" \/>\n<meta property=\"og:title\" content=\"Analista Fiscal S\u00eanior (Foco em Tributos Diretos) - S\u00e3o Paulo - SP - VagasEmpregoSP\" \/>\n<meta property=\"og:description\" content=\"Atribui\u00e7\u00f5es: Local: S\u00e3o Paulo \u2013 SP Modelo de trabalho: CLT Efetivo \/ H\u00edbrido Requisitos: Forma\u00e7\u00e3o em Direito, Contabilidade, Administra\u00e7\u00e3o ou Economia. Experi\u00eancia s\u00f3lida na \u00e1rea, [...]\" \/>\n<meta property=\"og:url\" content=\"https:\/\/www.vagasempregosp.com.br\/index.php\/2026\/03\/04\/analista-fiscal-senior-foco-em-tributos-diretos-sao-paulo-sp\/\" \/>\n<meta property=\"og:site_name\" content=\"VagasEmpregoSP\" \/>\n<meta property=\"article:published_time\" content=\"2026-03-04T13:00:09+00:00\" \/>\n<meta name=\"author\" content=\"Vagas Emprego SP\" \/>\n<meta name=\"twitter:card\" content=\"summary_large_image\" \/>\n<meta name=\"twitter:label1\" content=\"Escrito por\" \/>\n\t<meta name=\"twitter:data1\" content=\"Vagas Emprego SP\" \/>\n\t<meta name=\"twitter:label2\" content=\"Est. tempo de leitura\" \/>\n\t<meta name=\"twitter:data2\" content=\"1 minuto\" \/>\n<script type=\"application\/ld+json\" class=\"yoast-schema-graph\">{\"@context\":\"https:\\\/\\\/schema.org\",\"@graph\":[{\"@type\":\"Article\",\"@id\":\"https:\\\/\\\/www.vagasempregosp.com.br\\\/index.php\\\/2026\\\/03\\\/04\\\/analista-fiscal-senior-foco-em-tributos-diretos-sao-paulo-sp\\\/#article\",\"isPartOf\":{\"@id\":\"https:\\\/\\\/www.vagasempregosp.com.br\\\/index.php\\\/2026\\\/03\\\/04\\\/analista-fiscal-senior-foco-em-tributos-diretos-sao-paulo-sp\\\/\"},\"author\":{\"name\":\"Vagas Emprego SP\",\"@id\":\"https:\\\/\\\/www.vagasempregosp.com.br\\\/#\\\/schema\\\/person\\\/456ec40bd3c8bc7506f4a4408e8f46d5\"},\"headline\":\"Analista Fiscal S\u00eanior (Foco em Tributos Diretos) &#8211; S\u00e3o Paulo &#8211; SP\",\"datePublished\":\"2026-03-04T13:00:09+00:00\",\"mainEntityOfPage\":{\"@id\":\"https:\\\/\\\/www.vagasempregosp.com.br\\\/index.php\\\/2026\\\/03\\\/04\\\/analista-fiscal-senior-foco-em-tributos-diretos-sao-paulo-sp\\\/\"},\"wordCount\":184,\"publisher\":{\"@id\":\"https:\\\/\\\/www.vagasempregosp.com.br\\\/#organization\"},\"articleSection\":[\"administra\u00e7\u00e3o geral\",\"cont\u00e1bil \\\/ financeiro\",\"ensino superior\",\"ingl\u00eas\",\"jur\u00eddica\"],\"inLanguage\":\"pt-BR\"},{\"@type\":\"WebPage\",\"@id\":\"https:\\\/\\\/www.vagasempregosp.com.br\\\/index.php\\\/2026\\\/03\\\/04\\\/analista-fiscal-senior-foco-em-tributos-diretos-sao-paulo-sp\\\/\",\"url\":\"https:\\\/\\\/www.vagasempregosp.com.br\\\/index.php\\\/2026\\\/03\\\/04\\\/analista-fiscal-senior-foco-em-tributos-diretos-sao-paulo-sp\\\/\",\"name\":\"Analista Fiscal S\u00eanior (Foco em Tributos Diretos) - S\u00e3o Paulo - SP - VagasEmpregoSP\",\"isPartOf\":{\"@id\":\"https:\\\/\\\/www.vagasempregosp.com.br\\\/#website\"},\"datePublished\":\"2026-03-04T13:00:09+00:00\",\"breadcrumb\":{\"@id\":\"https:\\\/\\\/www.vagasempregosp.com.br\\\/index.php\\\/2026\\\/03\\\/04\\\/analista-fiscal-senior-foco-em-tributos-diretos-sao-paulo-sp\\\/#breadcrumb\"},\"inLanguage\":\"pt-BR\",\"potentialAction\":[{\"@type\":\"ReadAction\",\"target\":[\"https:\\\/\\\/www.vagasempregosp.com.br\\\/index.php\\\/2026\\\/03\\\/04\\\/analista-fiscal-senior-foco-em-tributos-diretos-sao-paulo-sp\\\/\"]}]},{\"@type\":\"BreadcrumbList\",\"@id\":\"https:\\\/\\\/www.vagasempregosp.com.br\\\/index.php\\\/2026\\\/03\\\/04\\\/analista-fiscal-senior-foco-em-tributos-diretos-sao-paulo-sp\\\/#breadcrumb\",\"itemListElement\":[{\"@type\":\"ListItem\",\"position\":1,\"name\":\"Home\",\"item\":\"https:\\\/\\\/www.vagasempregosp.com.br\\\/\"},{\"@type\":\"ListItem\",\"position\":2,\"name\":\"Analista Fiscal S\u00eanior (Foco em Tributos Diretos) &#8211; S\u00e3o Paulo &#8211; SP\"}]},{\"@type\":\"WebSite\",\"@id\":\"https:\\\/\\\/www.vagasempregosp.com.br\\\/#website\",\"url\":\"https:\\\/\\\/www.vagasempregosp.com.br\\\/\",\"name\":\"VagasEmpregoSP\",\"description\":\"Vagas de Emprego e Est\u00e1gio em S\u00e3o Paulo\",\"publisher\":{\"@id\":\"https:\\\/\\\/www.vagasempregosp.com.br\\\/#organization\"},\"potentialAction\":[{\"@type\":\"SearchAction\",\"target\":{\"@type\":\"EntryPoint\",\"urlTemplate\":\"https:\\\/\\\/www.vagasempregosp.com.br\\\/?s={search_term_string}\"},\"query-input\":{\"@type\":\"PropertyValueSpecification\",\"valueRequired\":true,\"valueName\":\"search_term_string\"}}],\"inLanguage\":\"pt-BR\"},{\"@type\":\"Organization\",\"@id\":\"https:\\\/\\\/www.vagasempregosp.com.br\\\/#organization\",\"name\":\"VagasEmpregoSP\",\"url\":\"https:\\\/\\\/www.vagasempregosp.com.br\\\/\",\"logo\":{\"@type\":\"ImageObject\",\"inLanguage\":\"pt-BR\",\"@id\":\"https:\\\/\\\/www.vagasempregosp.com.br\\\/#\\\/schema\\\/logo\\\/image\\\/\",\"url\":\"https:\\\/\\\/www.vagasempregosp.com.br\\\/wp-content\\\/uploads\\\/2025\\\/06\\\/cropped-logovsp2015.jpg\",\"contentUrl\":\"https:\\\/\\\/www.vagasempregosp.com.br\\\/wp-content\\\/uploads\\\/2025\\\/06\\\/cropped-logovsp2015.jpg\",\"width\":323,\"height\":90,\"caption\":\"VagasEmpregoSP\"},\"image\":{\"@id\":\"https:\\\/\\\/www.vagasempregosp.com.br\\\/#\\\/schema\\\/logo\\\/image\\\/\"}},{\"@type\":\"Person\",\"@id\":\"https:\\\/\\\/www.vagasempregosp.com.br\\\/#\\\/schema\\\/person\\\/456ec40bd3c8bc7506f4a4408e8f46d5\",\"name\":\"Vagas Emprego SP\",\"image\":{\"@type\":\"ImageObject\",\"inLanguage\":\"pt-BR\",\"@id\":\"https:\\\/\\\/secure.gravatar.com\\\/avatar\\\/e198f9393383244894b06db503be8cb43011f384a429c7a9f84f3f61c138a35e?s=96&d=mm&r=g\",\"url\":\"https:\\\/\\\/secure.gravatar.com\\\/avatar\\\/e198f9393383244894b06db503be8cb43011f384a429c7a9f84f3f61c138a35e?s=96&d=mm&r=g\",\"contentUrl\":\"https:\\\/\\\/secure.gravatar.com\\\/avatar\\\/e198f9393383244894b06db503be8cb43011f384a429c7a9f84f3f61c138a35e?s=96&d=mm&r=g\",\"caption\":\"Vagas Emprego SP\"},\"url\":\"https:\\\/\\\/www.vagasempregosp.com.br\\\/index.php\\\/author\\\/vagasemprego\\\/\"}]}<\/script>\n<!-- \/ Yoast SEO plugin. -->","yoast_head_json":{"title":"Analista Fiscal S\u00eanior (Foco em Tributos Diretos) - S\u00e3o Paulo - SP - VagasEmpregoSP","robots":{"index":"index","follow":"follow","max-snippet":"max-snippet:-1","max-image-preview":"max-image-preview:large","max-video-preview":"max-video-preview:-1"},"canonical":"https:\/\/www.vagasempregosp.com.br\/index.php\/2026\/03\/04\/analista-fiscal-senior-foco-em-tributos-diretos-sao-paulo-sp\/","og_locale":"pt_BR","og_type":"article","og_title":"Analista Fiscal S\u00eanior (Foco em Tributos Diretos) - S\u00e3o Paulo - SP - VagasEmpregoSP","og_description":"Atribui\u00e7\u00f5es: Local: S\u00e3o Paulo \u2013 SP Modelo de trabalho: CLT Efetivo \/ H\u00edbrido Requisitos: Forma\u00e7\u00e3o em Direito, Contabilidade, Administra\u00e7\u00e3o ou Economia. Experi\u00eancia s\u00f3lida na \u00e1rea, [...]","og_url":"https:\/\/www.vagasempregosp.com.br\/index.php\/2026\/03\/04\/analista-fiscal-senior-foco-em-tributos-diretos-sao-paulo-sp\/","og_site_name":"VagasEmpregoSP","article_published_time":"2026-03-04T13:00:09+00:00","author":"Vagas Emprego SP","twitter_card":"summary_large_image","twitter_misc":{"Escrito por":"Vagas Emprego SP","Est. tempo de leitura":"1 minuto"},"schema":{"@context":"https:\/\/schema.org","@graph":[{"@type":"Article","@id":"https:\/\/www.vagasempregosp.com.br\/index.php\/2026\/03\/04\/analista-fiscal-senior-foco-em-tributos-diretos-sao-paulo-sp\/#article","isPartOf":{"@id":"https:\/\/www.vagasempregosp.com.br\/index.php\/2026\/03\/04\/analista-fiscal-senior-foco-em-tributos-diretos-sao-paulo-sp\/"},"author":{"name":"Vagas Emprego SP","@id":"https:\/\/www.vagasempregosp.com.br\/#\/schema\/person\/456ec40bd3c8bc7506f4a4408e8f46d5"},"headline":"Analista Fiscal S\u00eanior (Foco em Tributos Diretos) &#8211; S\u00e3o Paulo &#8211; SP","datePublished":"2026-03-04T13:00:09+00:00","mainEntityOfPage":{"@id":"https:\/\/www.vagasempregosp.com.br\/index.php\/2026\/03\/04\/analista-fiscal-senior-foco-em-tributos-diretos-sao-paulo-sp\/"},"wordCount":184,"publisher":{"@id":"https:\/\/www.vagasempregosp.com.br\/#organization"},"articleSection":["administra\u00e7\u00e3o geral","cont\u00e1bil \/ financeiro","ensino superior","ingl\u00eas","jur\u00eddica"],"inLanguage":"pt-BR"},{"@type":"WebPage","@id":"https:\/\/www.vagasempregosp.com.br\/index.php\/2026\/03\/04\/analista-fiscal-senior-foco-em-tributos-diretos-sao-paulo-sp\/","url":"https:\/\/www.vagasempregosp.com.br\/index.php\/2026\/03\/04\/analista-fiscal-senior-foco-em-tributos-diretos-sao-paulo-sp\/","name":"Analista Fiscal S\u00eanior (Foco em Tributos Diretos) - S\u00e3o Paulo - SP - VagasEmpregoSP","isPartOf":{"@id":"https:\/\/www.vagasempregosp.com.br\/#website"},"datePublished":"2026-03-04T13:00:09+00:00","breadcrumb":{"@id":"https:\/\/www.vagasempregosp.com.br\/index.php\/2026\/03\/04\/analista-fiscal-senior-foco-em-tributos-diretos-sao-paulo-sp\/#breadcrumb"},"inLanguage":"pt-BR","potentialAction":[{"@type":"ReadAction","target":["https:\/\/www.vagasempregosp.com.br\/index.php\/2026\/03\/04\/analista-fiscal-senior-foco-em-tributos-diretos-sao-paulo-sp\/"]}]},{"@type":"BreadcrumbList","@id":"https:\/\/www.vagasempregosp.com.br\/index.php\/2026\/03\/04\/analista-fiscal-senior-foco-em-tributos-diretos-sao-paulo-sp\/#breadcrumb","itemListElement":[{"@type":"ListItem","position":1,"name":"Home","item":"https:\/\/www.vagasempregosp.com.br\/"},{"@type":"ListItem","position":2,"name":"Analista Fiscal S\u00eanior (Foco em Tributos Diretos) &#8211; S\u00e3o Paulo &#8211; SP"}]},{"@type":"WebSite","@id":"https:\/\/www.vagasempregosp.com.br\/#website","url":"https:\/\/www.vagasempregosp.com.br\/","name":"VagasEmpregoSP","description":"Vagas de Emprego e Est\u00e1gio em S\u00e3o Paulo","publisher":{"@id":"https:\/\/www.vagasempregosp.com.br\/#organization"},"potentialAction":[{"@type":"SearchAction","target":{"@type":"EntryPoint","urlTemplate":"https:\/\/www.vagasempregosp.com.br\/?s={search_term_string}"},"query-input":{"@type":"PropertyValueSpecification","valueRequired":true,"valueName":"search_term_string"}}],"inLanguage":"pt-BR"},{"@type":"Organization","@id":"https:\/\/www.vagasempregosp.com.br\/#organization","name":"VagasEmpregoSP","url":"https:\/\/www.vagasempregosp.com.br\/","logo":{"@type":"ImageObject","inLanguage":"pt-BR","@id":"https:\/\/www.vagasempregosp.com.br\/#\/schema\/logo\/image\/","url":"https:\/\/www.vagasempregosp.com.br\/wp-content\/uploads\/2025\/06\/cropped-logovsp2015.jpg","contentUrl":"https:\/\/www.vagasempregosp.com.br\/wp-content\/uploads\/2025\/06\/cropped-logovsp2015.jpg","width":323,"height":90,"caption":"VagasEmpregoSP"},"image":{"@id":"https:\/\/www.vagasempregosp.com.br\/#\/schema\/logo\/image\/"}},{"@type":"Person","@id":"https:\/\/www.vagasempregosp.com.br\/#\/schema\/person\/456ec40bd3c8bc7506f4a4408e8f46d5","name":"Vagas Emprego SP","image":{"@type":"ImageObject","inLanguage":"pt-BR","@id":"https:\/\/secure.gravatar.com\/avatar\/e198f9393383244894b06db503be8cb43011f384a429c7a9f84f3f61c138a35e?s=96&d=mm&r=g","url":"https:\/\/secure.gravatar.com\/avatar\/e198f9393383244894b06db503be8cb43011f384a429c7a9f84f3f61c138a35e?s=96&d=mm&r=g","contentUrl":"https:\/\/secure.gravatar.com\/avatar\/e198f9393383244894b06db503be8cb43011f384a429c7a9f84f3f61c138a35e?s=96&d=mm&r=g","caption":"Vagas Emprego SP"},"url":"https:\/\/www.vagasempregosp.com.br\/index.php\/author\/vagasemprego\/"}]}},"_links":{"self":[{"href":"https:\/\/www.vagasempregosp.com.br\/index.php\/wp-json\/wp\/v2\/posts\/68462","targetHints":{"allow":["GET"]}}],"collection":[{"href":"https:\/\/www.vagasempregosp.com.br\/index.php\/wp-json\/wp\/v2\/posts"}],"about":[{"href":"https:\/\/www.vagasempregosp.com.br\/index.php\/wp-json\/wp\/v2\/types\/post"}],"author":[{"embeddable":true,"href":"https:\/\/www.vagasempregosp.com.br\/index.php\/wp-json\/wp\/v2\/users\/2"}],"replies":[{"embeddable":true,"href":"https:\/\/www.vagasempregosp.com.br\/index.php\/wp-json\/wp\/v2\/comments?post=68462"}],"version-history":[{"count":1,"href":"https:\/\/www.vagasempregosp.com.br\/index.php\/wp-json\/wp\/v2\/posts\/68462\/revisions"}],"predecessor-version":[{"id":68463,"href":"https:\/\/www.vagasempregosp.com.br\/index.php\/wp-json\/wp\/v2\/posts\/68462\/revisions\/68463"}],"wp:attachment":[{"href":"https:\/\/www.vagasempregosp.com.br\/index.php\/wp-json\/wp\/v2\/media?parent=68462"}],"wp:term":[{"taxonomy":"category","embeddable":true,"href":"https:\/\/www.vagasempregosp.com.br\/index.php\/wp-json\/wp\/v2\/categories?post=68462"},{"taxonomy":"post_tag","embeddable":true,"href":"https:\/\/www.vagasempregosp.com.br\/index.php\/wp-json\/wp\/v2\/tags?post=68462"}],"curies":[{"name":"wp","href":"https:\/\/api.w.org\/{rel}","templated":true}]}}