{"id":68442,"date":"2026-03-02T09:00:57","date_gmt":"2026-03-02T12:00:57","guid":{"rendered":"https:\/\/www.vagasempregosp.com.br\/?p=68442"},"modified":"2026-03-01T19:49:36","modified_gmt":"2026-03-01T22:49:36","slug":"analista-de-rh-pleno-itu-sp","status":"publish","type":"post","link":"https:\/\/www.vagasempregosp.com.br\/index.php\/2026\/03\/02\/analista-de-rh-pleno-itu-sp\/","title":{"rendered":"Analista de RH Pleno &#8211; Itu &#8211; SP"},"content":{"rendered":"<p style=\"text-align: justify;\">Atividades:<\/p>\n<ul style=\"text-align: justify;\">\n<li>Atua\u00e7\u00e3o no departamento end to end<\/li>\n<li>Forma generalista na \u00e1rea de Recursos Humanos, com foco em rotinas de departamento pessoal, gest\u00e3o de pessoas, administra\u00e7\u00e3o de benef\u00edcios, Sa\u00fade e Seguran\u00e7a do Trabalho, gest\u00e3o de contratos PJ, mobiliza\u00e7\u00e3o em portais de clientes e apoio estrat\u00e9gico \u00e0 ger\u00eancia e diretoria, assegurando conformidade legal, efici\u00eancia operacional e suporte \u00e0 gest\u00e3o.<\/li>\n<li>Realizar o fechamento ( envio das informa\u00e7\u00f5es para o escrit\u00f3rio), confer\u00eancia da folha de pagamento, conferir encargos trabalhistas: INSS, IRRF, FGTS e demais obriga\u00e7\u00f5es acess\u00f3rias, controlar vencimentos e solicitar processamento das f\u00e9rias (c\u00e1lculo, programa\u00e7\u00e3o, pagamentos e provis\u00f5es), conduzir processos de admiss\u00e3o e demiss\u00e3o, incluindo documenta\u00e7\u00e3o e confer\u00eancia de c\u00e1lculos rescis\u00f3rios, controlar e acompanhar t\u00e9rminos de contrato de experi\u00eancia, garantir cumprimento das obriga\u00e7\u00f5es legais (eSocial, prazos trabalhistas e CCT).<\/li>\n<li>Administrar e controlar contratos de prestadores de servi\u00e7o (PJ), acompanhar vig\u00eancia, reajustes, renova\u00e7\u00f5es e encerramentos junto ao jur\u00eddico, conferir documenta\u00e7\u00e3o legal e fiscal, mitigar riscos trabalhistas relacionados \u00e0 contrata\u00e7\u00e3o de terceiros,<\/li>\n<li>Administrar benef\u00edcios ( VR\/cesta b\u00e1sica\/CM\/ CO\/ giftcard\/Wellhub\/caf\u00e9 da manh\u00e3\/conv\u00eanio farm\u00e1cia) e realizar movimenta\u00e7\u00f5es cadastrais, conferir faturas e controlar custos e descontos, atender colaboradores para esclarecimentos.<\/li>\n<li>Controlar ASOs (admissionais, peri\u00f3dicos, retorno, mudan\u00e7a de fun\u00e7\u00e3o e demissionais), organizar treinamentos obrigat\u00f3rios conforme NRs, controlar vencimentos de exames e certificados, apoiar gest\u00e3o de documentos legais (PGR, PCMSO).<\/li>\n<li>Realizar cadastro e atualiza\u00e7\u00e3o de colaboradores em portais de clientes, controlar envio e validade de documentos obrigat\u00f3rios, monitorar prazos para evitar bloqueios de acesso, regularizar pend\u00eancias documentais junto \u00e0s \u00e1reas internas.<\/li>\n<li>Dentre outras fun\u00e7\u00f5es do cargo<\/li>\n<\/ul>\n<p style=\"text-align: justify;\">Requisitos:<\/p>\n<ul style=\"text-align: justify;\">\n<li>Ensino Superior completo em Administra\u00e7\u00e3o, Psicologia, Gest\u00e3o de Pessoas, Recursos Humanos ou \u00e1reas correlatas.<\/li>\n<\/ul>\n<p style=\"text-align: justify;\">Jornada de Trabalho:<\/p>\n<ul style=\"text-align: justify;\">\n<li>Segunda a Quinta Feira das 08:00 \u00e0s 12:00 e das 13:00 \u00e0s 18:16<\/li>\n<li>Sexta Feira das 08:00 \u00e0s 12:00 e das 13:00 \u00e0s 17:00<\/li>\n<\/ul>\n<p style=\"text-align: justify;\">Sal\u00e1rio:<\/p>\n<ul style=\"text-align: justify;\">\n<li>R$ 4.200,00<\/li>\n<\/ul>\n<p style=\"text-align: justify;\">Benef\u00edcios:<\/p>\n<ul style=\"text-align: justify;\">\n<li>Assist\u00eancia M\u00e9dica Interm\u00e9dica, Assist\u00eancia Odontol\u00f3gica Amil, Seguro de Vida, Cesta B\u00e1sica, Vale-Transporte, Caf\u00e9 da manh\u00e3 na empresa, Gympass\/Wellhub, Ticket VR\/VA no valor de R$ 27,50 por dia \u00fatil, System Farma (conv\u00eanio com farm\u00e1cia com desconto em folha de pagamento), Cart\u00e3o vale-presente (no m\u00eas de anivers\u00e1rio).<\/li>\n<\/ul>\n<p style=\"text-align: justify;\">Observa\u00e7\u00f5es:<\/p>\n<ul style=\"text-align: justify;\">\n<li>Residir Salto ou Itu<\/li>\n<\/ul>\n<p style=\"text-align: justify;\">Data m\u00e1xima para envio de curr\u00edculos: 06-03-2026<\/p>\n<p style=\"text-align: justify;\">Enviar curr\u00edculo informando no assunto do e-mail a vaga de interesse para <a href=\"mailto:selecao@waconsultoriarh.com.br\">selecao@waconsultoriarh.com.br<\/a><\/p>\n","protected":false},"excerpt":{"rendered":"<p>Atividades: Atua\u00e7\u00e3o no departamento end to end Forma generalista na \u00e1rea de Recursos Humanos, com foco em rotinas de departamento pessoal, gest\u00e3o de pessoas, administra\u00e7\u00e3o [&#8230;]<\/p>\n","protected":false},"author":2,"featured_media":0,"comment_status":"closed","ping_status":"closed","sticky":false,"template":"","format":"standard","meta":{"footnotes":""},"categories":[105,117,86],"tags":[],"class_list":["post-68442","post","type-post","status-publish","format-standard","hentry","category-administrativa","category-ensino-superior","category-recursos-humanos-departamento-pessoal-rh-dp"],"yoast_head":"<!-- This site is optimized with the Yoast SEO plugin v27.5 - https:\/\/yoast.com\/product\/yoast-seo-wordpress\/ -->\n<title>Analista de RH Pleno - Itu - SP - VagasEmpregoSP<\/title>\n<meta name=\"robots\" content=\"index, follow, max-snippet:-1, max-image-preview:large, max-video-preview:-1\" \/>\n<link rel=\"canonical\" href=\"https:\/\/www.vagasempregosp.com.br\/index.php\/2026\/03\/02\/analista-de-rh-pleno-itu-sp\/\" \/>\n<meta property=\"og:locale\" content=\"pt_BR\" \/>\n<meta property=\"og:type\" content=\"article\" \/>\n<meta property=\"og:title\" content=\"Analista de RH Pleno - Itu - SP - VagasEmpregoSP\" \/>\n<meta property=\"og:description\" content=\"Atividades: Atua\u00e7\u00e3o no departamento end to end Forma generalista na \u00e1rea de Recursos Humanos, com foco em rotinas de departamento pessoal, gest\u00e3o de pessoas, administra\u00e7\u00e3o [...]\" \/>\n<meta property=\"og:url\" content=\"https:\/\/www.vagasempregosp.com.br\/index.php\/2026\/03\/02\/analista-de-rh-pleno-itu-sp\/\" \/>\n<meta property=\"og:site_name\" content=\"VagasEmpregoSP\" \/>\n<meta property=\"article:published_time\" content=\"2026-03-02T12:00:57+00:00\" \/>\n<meta name=\"author\" content=\"Vagas Emprego SP\" \/>\n<meta name=\"twitter:card\" content=\"summary_large_image\" \/>\n<meta name=\"twitter:label1\" content=\"Escrito por\" \/>\n\t<meta name=\"twitter:data1\" content=\"Vagas Emprego SP\" \/>\n\t<meta name=\"twitter:label2\" content=\"Est. tempo de leitura\" \/>\n\t<meta name=\"twitter:data2\" content=\"2 minutos\" \/>\n<script type=\"application\/ld+json\" class=\"yoast-schema-graph\">{\"@context\":\"https:\\\/\\\/schema.org\",\"@graph\":[{\"@type\":\"Article\",\"@id\":\"https:\\\/\\\/www.vagasempregosp.com.br\\\/index.php\\\/2026\\\/03\\\/02\\\/analista-de-rh-pleno-itu-sp\\\/#article\",\"isPartOf\":{\"@id\":\"https:\\\/\\\/www.vagasempregosp.com.br\\\/index.php\\\/2026\\\/03\\\/02\\\/analista-de-rh-pleno-itu-sp\\\/\"},\"author\":{\"name\":\"Vagas Emprego SP\",\"@id\":\"https:\\\/\\\/www.vagasempregosp.com.br\\\/#\\\/schema\\\/person\\\/456ec40bd3c8bc7506f4a4408e8f46d5\"},\"headline\":\"Analista de RH Pleno &#8211; Itu &#8211; SP\",\"datePublished\":\"2026-03-02T12:00:57+00:00\",\"mainEntityOfPage\":{\"@id\":\"https:\\\/\\\/www.vagasempregosp.com.br\\\/index.php\\\/2026\\\/03\\\/02\\\/analista-de-rh-pleno-itu-sp\\\/\"},\"wordCount\":434,\"publisher\":{\"@id\":\"https:\\\/\\\/www.vagasempregosp.com.br\\\/#organization\"},\"articleSection\":[\"administra\u00e7\u00e3o geral\",\"ensino superior\",\"RH \\\/ DP\"],\"inLanguage\":\"pt-BR\"},{\"@type\":\"WebPage\",\"@id\":\"https:\\\/\\\/www.vagasempregosp.com.br\\\/index.php\\\/2026\\\/03\\\/02\\\/analista-de-rh-pleno-itu-sp\\\/\",\"url\":\"https:\\\/\\\/www.vagasempregosp.com.br\\\/index.php\\\/2026\\\/03\\\/02\\\/analista-de-rh-pleno-itu-sp\\\/\",\"name\":\"Analista de RH Pleno - Itu - SP - VagasEmpregoSP\",\"isPartOf\":{\"@id\":\"https:\\\/\\\/www.vagasempregosp.com.br\\\/#website\"},\"datePublished\":\"2026-03-02T12:00:57+00:00\",\"breadcrumb\":{\"@id\":\"https:\\\/\\\/www.vagasempregosp.com.br\\\/index.php\\\/2026\\\/03\\\/02\\\/analista-de-rh-pleno-itu-sp\\\/#breadcrumb\"},\"inLanguage\":\"pt-BR\",\"potentialAction\":[{\"@type\":\"ReadAction\",\"target\":[\"https:\\\/\\\/www.vagasempregosp.com.br\\\/index.php\\\/2026\\\/03\\\/02\\\/analista-de-rh-pleno-itu-sp\\\/\"]}]},{\"@type\":\"BreadcrumbList\",\"@id\":\"https:\\\/\\\/www.vagasempregosp.com.br\\\/index.php\\\/2026\\\/03\\\/02\\\/analista-de-rh-pleno-itu-sp\\\/#breadcrumb\",\"itemListElement\":[{\"@type\":\"ListItem\",\"position\":1,\"name\":\"Home\",\"item\":\"https:\\\/\\\/www.vagasempregosp.com.br\\\/\"},{\"@type\":\"ListItem\",\"position\":2,\"name\":\"Analista de RH Pleno &#8211; Itu &#8211; SP\"}]},{\"@type\":\"WebSite\",\"@id\":\"https:\\\/\\\/www.vagasempregosp.com.br\\\/#website\",\"url\":\"https:\\\/\\\/www.vagasempregosp.com.br\\\/\",\"name\":\"VagasEmpregoSP\",\"description\":\"Vagas de Emprego e Est\u00e1gio em S\u00e3o Paulo\",\"publisher\":{\"@id\":\"https:\\\/\\\/www.vagasempregosp.com.br\\\/#organization\"},\"potentialAction\":[{\"@type\":\"SearchAction\",\"target\":{\"@type\":\"EntryPoint\",\"urlTemplate\":\"https:\\\/\\\/www.vagasempregosp.com.br\\\/?s={search_term_string}\"},\"query-input\":{\"@type\":\"PropertyValueSpecification\",\"valueRequired\":true,\"valueName\":\"search_term_string\"}}],\"inLanguage\":\"pt-BR\"},{\"@type\":\"Organization\",\"@id\":\"https:\\\/\\\/www.vagasempregosp.com.br\\\/#organization\",\"name\":\"VagasEmpregoSP\",\"url\":\"https:\\\/\\\/www.vagasempregosp.com.br\\\/\",\"logo\":{\"@type\":\"ImageObject\",\"inLanguage\":\"pt-BR\",\"@id\":\"https:\\\/\\\/www.vagasempregosp.com.br\\\/#\\\/schema\\\/logo\\\/image\\\/\",\"url\":\"https:\\\/\\\/www.vagasempregosp.com.br\\\/wp-content\\\/uploads\\\/2025\\\/06\\\/cropped-logovsp2015.jpg\",\"contentUrl\":\"https:\\\/\\\/www.vagasempregosp.com.br\\\/wp-content\\\/uploads\\\/2025\\\/06\\\/cropped-logovsp2015.jpg\",\"width\":323,\"height\":90,\"caption\":\"VagasEmpregoSP\"},\"image\":{\"@id\":\"https:\\\/\\\/www.vagasempregosp.com.br\\\/#\\\/schema\\\/logo\\\/image\\\/\"}},{\"@type\":\"Person\",\"@id\":\"https:\\\/\\\/www.vagasempregosp.com.br\\\/#\\\/schema\\\/person\\\/456ec40bd3c8bc7506f4a4408e8f46d5\",\"name\":\"Vagas Emprego SP\",\"image\":{\"@type\":\"ImageObject\",\"inLanguage\":\"pt-BR\",\"@id\":\"https:\\\/\\\/secure.gravatar.com\\\/avatar\\\/e198f9393383244894b06db503be8cb43011f384a429c7a9f84f3f61c138a35e?s=96&d=mm&r=g\",\"url\":\"https:\\\/\\\/secure.gravatar.com\\\/avatar\\\/e198f9393383244894b06db503be8cb43011f384a429c7a9f84f3f61c138a35e?s=96&d=mm&r=g\",\"contentUrl\":\"https:\\\/\\\/secure.gravatar.com\\\/avatar\\\/e198f9393383244894b06db503be8cb43011f384a429c7a9f84f3f61c138a35e?s=96&d=mm&r=g\",\"caption\":\"Vagas Emprego SP\"},\"url\":\"https:\\\/\\\/www.vagasempregosp.com.br\\\/index.php\\\/author\\\/vagasemprego\\\/\"}]}<\/script>\n<!-- \/ Yoast SEO plugin. -->","yoast_head_json":{"title":"Analista de RH Pleno - Itu - SP - VagasEmpregoSP","robots":{"index":"index","follow":"follow","max-snippet":"max-snippet:-1","max-image-preview":"max-image-preview:large","max-video-preview":"max-video-preview:-1"},"canonical":"https:\/\/www.vagasempregosp.com.br\/index.php\/2026\/03\/02\/analista-de-rh-pleno-itu-sp\/","og_locale":"pt_BR","og_type":"article","og_title":"Analista de RH Pleno - Itu - SP - VagasEmpregoSP","og_description":"Atividades: Atua\u00e7\u00e3o no departamento end to end Forma generalista na \u00e1rea de Recursos Humanos, com foco em rotinas de departamento pessoal, gest\u00e3o de pessoas, administra\u00e7\u00e3o [...]","og_url":"https:\/\/www.vagasempregosp.com.br\/index.php\/2026\/03\/02\/analista-de-rh-pleno-itu-sp\/","og_site_name":"VagasEmpregoSP","article_published_time":"2026-03-02T12:00:57+00:00","author":"Vagas Emprego SP","twitter_card":"summary_large_image","twitter_misc":{"Escrito por":"Vagas Emprego SP","Est. tempo de leitura":"2 minutos"},"schema":{"@context":"https:\/\/schema.org","@graph":[{"@type":"Article","@id":"https:\/\/www.vagasempregosp.com.br\/index.php\/2026\/03\/02\/analista-de-rh-pleno-itu-sp\/#article","isPartOf":{"@id":"https:\/\/www.vagasempregosp.com.br\/index.php\/2026\/03\/02\/analista-de-rh-pleno-itu-sp\/"},"author":{"name":"Vagas Emprego SP","@id":"https:\/\/www.vagasempregosp.com.br\/#\/schema\/person\/456ec40bd3c8bc7506f4a4408e8f46d5"},"headline":"Analista de RH Pleno &#8211; Itu &#8211; SP","datePublished":"2026-03-02T12:00:57+00:00","mainEntityOfPage":{"@id":"https:\/\/www.vagasempregosp.com.br\/index.php\/2026\/03\/02\/analista-de-rh-pleno-itu-sp\/"},"wordCount":434,"publisher":{"@id":"https:\/\/www.vagasempregosp.com.br\/#organization"},"articleSection":["administra\u00e7\u00e3o geral","ensino superior","RH \/ DP"],"inLanguage":"pt-BR"},{"@type":"WebPage","@id":"https:\/\/www.vagasempregosp.com.br\/index.php\/2026\/03\/02\/analista-de-rh-pleno-itu-sp\/","url":"https:\/\/www.vagasempregosp.com.br\/index.php\/2026\/03\/02\/analista-de-rh-pleno-itu-sp\/","name":"Analista de RH Pleno - Itu - SP - VagasEmpregoSP","isPartOf":{"@id":"https:\/\/www.vagasempregosp.com.br\/#website"},"datePublished":"2026-03-02T12:00:57+00:00","breadcrumb":{"@id":"https:\/\/www.vagasempregosp.com.br\/index.php\/2026\/03\/02\/analista-de-rh-pleno-itu-sp\/#breadcrumb"},"inLanguage":"pt-BR","potentialAction":[{"@type":"ReadAction","target":["https:\/\/www.vagasempregosp.com.br\/index.php\/2026\/03\/02\/analista-de-rh-pleno-itu-sp\/"]}]},{"@type":"BreadcrumbList","@id":"https:\/\/www.vagasempregosp.com.br\/index.php\/2026\/03\/02\/analista-de-rh-pleno-itu-sp\/#breadcrumb","itemListElement":[{"@type":"ListItem","position":1,"name":"Home","item":"https:\/\/www.vagasempregosp.com.br\/"},{"@type":"ListItem","position":2,"name":"Analista de RH Pleno &#8211; Itu &#8211; SP"}]},{"@type":"WebSite","@id":"https:\/\/www.vagasempregosp.com.br\/#website","url":"https:\/\/www.vagasempregosp.com.br\/","name":"VagasEmpregoSP","description":"Vagas de Emprego e Est\u00e1gio em S\u00e3o Paulo","publisher":{"@id":"https:\/\/www.vagasempregosp.com.br\/#organization"},"potentialAction":[{"@type":"SearchAction","target":{"@type":"EntryPoint","urlTemplate":"https:\/\/www.vagasempregosp.com.br\/?s={search_term_string}"},"query-input":{"@type":"PropertyValueSpecification","valueRequired":true,"valueName":"search_term_string"}}],"inLanguage":"pt-BR"},{"@type":"Organization","@id":"https:\/\/www.vagasempregosp.com.br\/#organization","name":"VagasEmpregoSP","url":"https:\/\/www.vagasempregosp.com.br\/","logo":{"@type":"ImageObject","inLanguage":"pt-BR","@id":"https:\/\/www.vagasempregosp.com.br\/#\/schema\/logo\/image\/","url":"https:\/\/www.vagasempregosp.com.br\/wp-content\/uploads\/2025\/06\/cropped-logovsp2015.jpg","contentUrl":"https:\/\/www.vagasempregosp.com.br\/wp-content\/uploads\/2025\/06\/cropped-logovsp2015.jpg","width":323,"height":90,"caption":"VagasEmpregoSP"},"image":{"@id":"https:\/\/www.vagasempregosp.com.br\/#\/schema\/logo\/image\/"}},{"@type":"Person","@id":"https:\/\/www.vagasempregosp.com.br\/#\/schema\/person\/456ec40bd3c8bc7506f4a4408e8f46d5","name":"Vagas Emprego SP","image":{"@type":"ImageObject","inLanguage":"pt-BR","@id":"https:\/\/secure.gravatar.com\/avatar\/e198f9393383244894b06db503be8cb43011f384a429c7a9f84f3f61c138a35e?s=96&d=mm&r=g","url":"https:\/\/secure.gravatar.com\/avatar\/e198f9393383244894b06db503be8cb43011f384a429c7a9f84f3f61c138a35e?s=96&d=mm&r=g","contentUrl":"https:\/\/secure.gravatar.com\/avatar\/e198f9393383244894b06db503be8cb43011f384a429c7a9f84f3f61c138a35e?s=96&d=mm&r=g","caption":"Vagas Emprego SP"},"url":"https:\/\/www.vagasempregosp.com.br\/index.php\/author\/vagasemprego\/"}]}},"_links":{"self":[{"href":"https:\/\/www.vagasempregosp.com.br\/index.php\/wp-json\/wp\/v2\/posts\/68442","targetHints":{"allow":["GET"]}}],"collection":[{"href":"https:\/\/www.vagasempregosp.com.br\/index.php\/wp-json\/wp\/v2\/posts"}],"about":[{"href":"https:\/\/www.vagasempregosp.com.br\/index.php\/wp-json\/wp\/v2\/types\/post"}],"author":[{"embeddable":true,"href":"https:\/\/www.vagasempregosp.com.br\/index.php\/wp-json\/wp\/v2\/users\/2"}],"replies":[{"embeddable":true,"href":"https:\/\/www.vagasempregosp.com.br\/index.php\/wp-json\/wp\/v2\/comments?post=68442"}],"version-history":[{"count":1,"href":"https:\/\/www.vagasempregosp.com.br\/index.php\/wp-json\/wp\/v2\/posts\/68442\/revisions"}],"predecessor-version":[{"id":68443,"href":"https:\/\/www.vagasempregosp.com.br\/index.php\/wp-json\/wp\/v2\/posts\/68442\/revisions\/68443"}],"wp:attachment":[{"href":"https:\/\/www.vagasempregosp.com.br\/index.php\/wp-json\/wp\/v2\/media?parent=68442"}],"wp:term":[{"taxonomy":"category","embeddable":true,"href":"https:\/\/www.vagasempregosp.com.br\/index.php\/wp-json\/wp\/v2\/categories?post=68442"},{"taxonomy":"post_tag","embeddable":true,"href":"https:\/\/www.vagasempregosp.com.br\/index.php\/wp-json\/wp\/v2\/tags?post=68442"}],"curies":[{"name":"wp","href":"https:\/\/api.w.org\/{rel}","templated":true}]}}