{"id":63894,"date":"2024-12-11T14:00:20","date_gmt":"2024-12-11T17:00:20","guid":{"rendered":"https:\/\/www.vagasempregosp.com.br\/?p=63894"},"modified":"2024-12-11T14:00:20","modified_gmt":"2024-12-11T17:00:20","slug":"estagio-contabil-sao-jose-dos-campos-sp","status":"publish","type":"post","link":"https:\/\/www.vagasempregosp.com.br\/index.php\/2024\/12\/11\/estagio-contabil-sao-jose-dos-campos-sp\/","title":{"rendered":"Est\u00e1gio Cont\u00e1bil &#8211; S\u00e3o Jos\u00e9 dos Campos &#8211;  SP"},"content":{"rendered":"<p style=\"text-align: justify;\">Requisitos:<\/p>\n<ul style=\"text-align: justify;\">\n<li>Estar cursando ci\u00eancias cont\u00e1beis.<\/li>\n<\/ul>\n<p style=\"text-align: justify;\">Descri\u00e7\u00e3o e Responsabilidades:<\/p>\n<ul style=\"text-align: justify;\">\n<li>Tarefas auxiliares do departamento cont\u00e1bil, departamento pessoal, departamento de legaliza\u00e7\u00e3o, e departamento fiscal;<\/li>\n<li>preenchimento de planilhas, classifica\u00e7\u00e3o de contas, atualiza\u00e7\u00e3o de tributos, monitoramento de dados;<\/li>\n<li>Aprendizado em elabora\u00e7\u00e3o e entrega de declara\u00e7\u00f5es como SPED cont\u00e1bil, SPED ECF, SPED ICMS, SPED PIS COFINS, E-social, IBGE, IRPF, DIMOB, DEMED, REINF, GIA, GIA-ST, SINTEGRA, VAF, DAMEF, e semelhantes.<\/li>\n<li>Aprendizado em elabora\u00e7\u00e3o e entrega de guias de tributos como FGTS, DARF, GARE, GNRE e guias municipais.<\/li>\n<li>Aprendizado em elabora\u00e7\u00e3o e encerramento das demonstra\u00e7\u00f5es cont\u00e1beis.<\/li>\n<\/ul>\n<p style=\"text-align: justify;\">Jornada de Trabalho:<\/p>\n<ul style=\"text-align: justify;\">\n<li>Segunda a Sexta Feira das 13:00 as 18:00<\/li>\n<\/ul>\n<p style=\"text-align: justify;\">Remunera\u00e7\u00e3o:<\/p>\n<ul style=\"text-align: justify;\">\n<li>Bolsa R$ 800,00 at\u00e9 R$ 1.000,00 + Vale Transporte<\/li>\n<\/ul>\n<p style=\"text-align: justify;\">Cadastrar curr\u00edculo informando no assunto a vaga de interesse pelo Link<br \/>\nhttps:\/\/www.empregare.com\/pt-br\/vaga-estagio-contabil_97573<\/p>\n","protected":false},"excerpt":{"rendered":"<p>Requisitos: Estar cursando ci\u00eancias cont\u00e1beis. Descri\u00e7\u00e3o e Responsabilidades: Tarefas auxiliares do departamento cont\u00e1bil, departamento pessoal, departamento de legaliza\u00e7\u00e3o, e departamento fiscal; preenchimento de planilhas, classifica\u00e7\u00e3o [&#8230;]<\/p>\n","protected":false},"author":2,"featured_media":0,"comment_status":"closed","ping_status":"closed","sticky":false,"template":"","format":"standard","meta":{"footnotes":""},"categories":[18,118,38],"tags":[],"class_list":["post-63894","post","type-post","status-publish","format-standard","hentry","category-contabil-financeiro-contabilista-contador-tecnico","category-ensino-superior-incompleto-em-andamento","category-estagio"],"yoast_head":"<!-- This site is optimized with the Yoast SEO plugin v27.5 - https:\/\/yoast.com\/product\/yoast-seo-wordpress\/ -->\n<title>Est\u00e1gio Cont\u00e1bil - S\u00e3o Jos\u00e9 dos Campos - SP - VagasEmpregoSP<\/title>\n<meta name=\"robots\" content=\"index, follow, max-snippet:-1, max-image-preview:large, max-video-preview:-1\" \/>\n<link rel=\"canonical\" href=\"https:\/\/www.vagasempregosp.com.br\/index.php\/2024\/12\/11\/estagio-contabil-sao-jose-dos-campos-sp\/\" \/>\n<meta property=\"og:locale\" content=\"pt_BR\" \/>\n<meta property=\"og:type\" content=\"article\" \/>\n<meta property=\"og:title\" content=\"Est\u00e1gio Cont\u00e1bil - S\u00e3o Jos\u00e9 dos Campos - SP - VagasEmpregoSP\" \/>\n<meta property=\"og:description\" content=\"Requisitos: Estar cursando ci\u00eancias cont\u00e1beis. Descri\u00e7\u00e3o e Responsabilidades: Tarefas auxiliares do departamento cont\u00e1bil, departamento pessoal, departamento de legaliza\u00e7\u00e3o, e departamento fiscal; preenchimento de planilhas, classifica\u00e7\u00e3o [...]\" \/>\n<meta property=\"og:url\" content=\"https:\/\/www.vagasempregosp.com.br\/index.php\/2024\/12\/11\/estagio-contabil-sao-jose-dos-campos-sp\/\" \/>\n<meta property=\"og:site_name\" content=\"VagasEmpregoSP\" \/>\n<meta property=\"article:published_time\" content=\"2024-12-11T17:00:20+00:00\" \/>\n<meta name=\"author\" content=\"Vagas Emprego SP\" \/>\n<meta name=\"twitter:card\" content=\"summary_large_image\" \/>\n<meta name=\"twitter:label1\" content=\"Escrito por\" \/>\n\t<meta name=\"twitter:data1\" content=\"Vagas Emprego SP\" \/>\n\t<meta name=\"twitter:label2\" content=\"Est. tempo de leitura\" \/>\n\t<meta name=\"twitter:data2\" content=\"1 minuto\" \/>\n<script type=\"application\/ld+json\" class=\"yoast-schema-graph\">{\"@context\":\"https:\\\/\\\/schema.org\",\"@graph\":[{\"@type\":\"Article\",\"@id\":\"https:\\\/\\\/www.vagasempregosp.com.br\\\/index.php\\\/2024\\\/12\\\/11\\\/estagio-contabil-sao-jose-dos-campos-sp\\\/#article\",\"isPartOf\":{\"@id\":\"https:\\\/\\\/www.vagasempregosp.com.br\\\/index.php\\\/2024\\\/12\\\/11\\\/estagio-contabil-sao-jose-dos-campos-sp\\\/\"},\"author\":{\"name\":\"Vagas Emprego SP\",\"@id\":\"https:\\\/\\\/www.vagasempregosp.com.br\\\/#\\\/schema\\\/person\\\/456ec40bd3c8bc7506f4a4408e8f46d5\"},\"headline\":\"Est\u00e1gio Cont\u00e1bil &#8211; S\u00e3o Jos\u00e9 dos Campos &#8211; SP\",\"datePublished\":\"2024-12-11T17:00:20+00:00\",\"mainEntityOfPage\":{\"@id\":\"https:\\\/\\\/www.vagasempregosp.com.br\\\/index.php\\\/2024\\\/12\\\/11\\\/estagio-contabil-sao-jose-dos-campos-sp\\\/\"},\"wordCount\":149,\"publisher\":{\"@id\":\"https:\\\/\\\/www.vagasempregosp.com.br\\\/#organization\"},\"articleSection\":[\"cont\u00e1bil \\\/ financeiro\",\"ensino superior incompleto\",\"est\u00e1gio\"],\"inLanguage\":\"pt-BR\"},{\"@type\":\"WebPage\",\"@id\":\"https:\\\/\\\/www.vagasempregosp.com.br\\\/index.php\\\/2024\\\/12\\\/11\\\/estagio-contabil-sao-jose-dos-campos-sp\\\/\",\"url\":\"https:\\\/\\\/www.vagasempregosp.com.br\\\/index.php\\\/2024\\\/12\\\/11\\\/estagio-contabil-sao-jose-dos-campos-sp\\\/\",\"name\":\"Est\u00e1gio Cont\u00e1bil - S\u00e3o Jos\u00e9 dos Campos - SP - VagasEmpregoSP\",\"isPartOf\":{\"@id\":\"https:\\\/\\\/www.vagasempregosp.com.br\\\/#website\"},\"datePublished\":\"2024-12-11T17:00:20+00:00\",\"breadcrumb\":{\"@id\":\"https:\\\/\\\/www.vagasempregosp.com.br\\\/index.php\\\/2024\\\/12\\\/11\\\/estagio-contabil-sao-jose-dos-campos-sp\\\/#breadcrumb\"},\"inLanguage\":\"pt-BR\",\"potentialAction\":[{\"@type\":\"ReadAction\",\"target\":[\"https:\\\/\\\/www.vagasempregosp.com.br\\\/index.php\\\/2024\\\/12\\\/11\\\/estagio-contabil-sao-jose-dos-campos-sp\\\/\"]}]},{\"@type\":\"BreadcrumbList\",\"@id\":\"https:\\\/\\\/www.vagasempregosp.com.br\\\/index.php\\\/2024\\\/12\\\/11\\\/estagio-contabil-sao-jose-dos-campos-sp\\\/#breadcrumb\",\"itemListElement\":[{\"@type\":\"ListItem\",\"position\":1,\"name\":\"Home\",\"item\":\"https:\\\/\\\/www.vagasempregosp.com.br\\\/\"},{\"@type\":\"ListItem\",\"position\":2,\"name\":\"Est\u00e1gio Cont\u00e1bil &#8211; S\u00e3o Jos\u00e9 dos Campos &#8211; SP\"}]},{\"@type\":\"WebSite\",\"@id\":\"https:\\\/\\\/www.vagasempregosp.com.br\\\/#website\",\"url\":\"https:\\\/\\\/www.vagasempregosp.com.br\\\/\",\"name\":\"VagasEmpregoSP\",\"description\":\"Vagas de Emprego e Est\u00e1gio em S\u00e3o Paulo\",\"publisher\":{\"@id\":\"https:\\\/\\\/www.vagasempregosp.com.br\\\/#organization\"},\"potentialAction\":[{\"@type\":\"SearchAction\",\"target\":{\"@type\":\"EntryPoint\",\"urlTemplate\":\"https:\\\/\\\/www.vagasempregosp.com.br\\\/?s={search_term_string}\"},\"query-input\":{\"@type\":\"PropertyValueSpecification\",\"valueRequired\":true,\"valueName\":\"search_term_string\"}}],\"inLanguage\":\"pt-BR\"},{\"@type\":\"Organization\",\"@id\":\"https:\\\/\\\/www.vagasempregosp.com.br\\\/#organization\",\"name\":\"VagasEmpregoSP\",\"url\":\"https:\\\/\\\/www.vagasempregosp.com.br\\\/\",\"logo\":{\"@type\":\"ImageObject\",\"inLanguage\":\"pt-BR\",\"@id\":\"https:\\\/\\\/www.vagasempregosp.com.br\\\/#\\\/schema\\\/logo\\\/image\\\/\",\"url\":\"https:\\\/\\\/www.vagasempregosp.com.br\\\/wp-content\\\/uploads\\\/2025\\\/06\\\/cropped-logovsp2015.jpg\",\"contentUrl\":\"https:\\\/\\\/www.vagasempregosp.com.br\\\/wp-content\\\/uploads\\\/2025\\\/06\\\/cropped-logovsp2015.jpg\",\"width\":323,\"height\":90,\"caption\":\"VagasEmpregoSP\"},\"image\":{\"@id\":\"https:\\\/\\\/www.vagasempregosp.com.br\\\/#\\\/schema\\\/logo\\\/image\\\/\"}},{\"@type\":\"Person\",\"@id\":\"https:\\\/\\\/www.vagasempregosp.com.br\\\/#\\\/schema\\\/person\\\/456ec40bd3c8bc7506f4a4408e8f46d5\",\"name\":\"Vagas Emprego SP\",\"image\":{\"@type\":\"ImageObject\",\"inLanguage\":\"pt-BR\",\"@id\":\"https:\\\/\\\/secure.gravatar.com\\\/avatar\\\/e198f9393383244894b06db503be8cb43011f384a429c7a9f84f3f61c138a35e?s=96&d=mm&r=g\",\"url\":\"https:\\\/\\\/secure.gravatar.com\\\/avatar\\\/e198f9393383244894b06db503be8cb43011f384a429c7a9f84f3f61c138a35e?s=96&d=mm&r=g\",\"contentUrl\":\"https:\\\/\\\/secure.gravatar.com\\\/avatar\\\/e198f9393383244894b06db503be8cb43011f384a429c7a9f84f3f61c138a35e?s=96&d=mm&r=g\",\"caption\":\"Vagas Emprego SP\"},\"url\":\"https:\\\/\\\/www.vagasempregosp.com.br\\\/index.php\\\/author\\\/vagasemprego\\\/\"}]}<\/script>\n<!-- \/ Yoast SEO plugin. -->","yoast_head_json":{"title":"Est\u00e1gio Cont\u00e1bil - S\u00e3o Jos\u00e9 dos Campos - SP - VagasEmpregoSP","robots":{"index":"index","follow":"follow","max-snippet":"max-snippet:-1","max-image-preview":"max-image-preview:large","max-video-preview":"max-video-preview:-1"},"canonical":"https:\/\/www.vagasempregosp.com.br\/index.php\/2024\/12\/11\/estagio-contabil-sao-jose-dos-campos-sp\/","og_locale":"pt_BR","og_type":"article","og_title":"Est\u00e1gio Cont\u00e1bil - S\u00e3o Jos\u00e9 dos Campos - SP - VagasEmpregoSP","og_description":"Requisitos: Estar cursando ci\u00eancias cont\u00e1beis. Descri\u00e7\u00e3o e Responsabilidades: Tarefas auxiliares do departamento cont\u00e1bil, departamento pessoal, departamento de legaliza\u00e7\u00e3o, e departamento fiscal; preenchimento de planilhas, classifica\u00e7\u00e3o [...]","og_url":"https:\/\/www.vagasempregosp.com.br\/index.php\/2024\/12\/11\/estagio-contabil-sao-jose-dos-campos-sp\/","og_site_name":"VagasEmpregoSP","article_published_time":"2024-12-11T17:00:20+00:00","author":"Vagas Emprego SP","twitter_card":"summary_large_image","twitter_misc":{"Escrito por":"Vagas Emprego SP","Est. tempo de leitura":"1 minuto"},"schema":{"@context":"https:\/\/schema.org","@graph":[{"@type":"Article","@id":"https:\/\/www.vagasempregosp.com.br\/index.php\/2024\/12\/11\/estagio-contabil-sao-jose-dos-campos-sp\/#article","isPartOf":{"@id":"https:\/\/www.vagasempregosp.com.br\/index.php\/2024\/12\/11\/estagio-contabil-sao-jose-dos-campos-sp\/"},"author":{"name":"Vagas Emprego SP","@id":"https:\/\/www.vagasempregosp.com.br\/#\/schema\/person\/456ec40bd3c8bc7506f4a4408e8f46d5"},"headline":"Est\u00e1gio Cont\u00e1bil &#8211; S\u00e3o Jos\u00e9 dos Campos &#8211; SP","datePublished":"2024-12-11T17:00:20+00:00","mainEntityOfPage":{"@id":"https:\/\/www.vagasempregosp.com.br\/index.php\/2024\/12\/11\/estagio-contabil-sao-jose-dos-campos-sp\/"},"wordCount":149,"publisher":{"@id":"https:\/\/www.vagasempregosp.com.br\/#organization"},"articleSection":["cont\u00e1bil \/ financeiro","ensino superior incompleto","est\u00e1gio"],"inLanguage":"pt-BR"},{"@type":"WebPage","@id":"https:\/\/www.vagasempregosp.com.br\/index.php\/2024\/12\/11\/estagio-contabil-sao-jose-dos-campos-sp\/","url":"https:\/\/www.vagasempregosp.com.br\/index.php\/2024\/12\/11\/estagio-contabil-sao-jose-dos-campos-sp\/","name":"Est\u00e1gio Cont\u00e1bil - S\u00e3o Jos\u00e9 dos Campos - SP - VagasEmpregoSP","isPartOf":{"@id":"https:\/\/www.vagasempregosp.com.br\/#website"},"datePublished":"2024-12-11T17:00:20+00:00","breadcrumb":{"@id":"https:\/\/www.vagasempregosp.com.br\/index.php\/2024\/12\/11\/estagio-contabil-sao-jose-dos-campos-sp\/#breadcrumb"},"inLanguage":"pt-BR","potentialAction":[{"@type":"ReadAction","target":["https:\/\/www.vagasempregosp.com.br\/index.php\/2024\/12\/11\/estagio-contabil-sao-jose-dos-campos-sp\/"]}]},{"@type":"BreadcrumbList","@id":"https:\/\/www.vagasempregosp.com.br\/index.php\/2024\/12\/11\/estagio-contabil-sao-jose-dos-campos-sp\/#breadcrumb","itemListElement":[{"@type":"ListItem","position":1,"name":"Home","item":"https:\/\/www.vagasempregosp.com.br\/"},{"@type":"ListItem","position":2,"name":"Est\u00e1gio Cont\u00e1bil &#8211; S\u00e3o Jos\u00e9 dos Campos &#8211; SP"}]},{"@type":"WebSite","@id":"https:\/\/www.vagasempregosp.com.br\/#website","url":"https:\/\/www.vagasempregosp.com.br\/","name":"VagasEmpregoSP","description":"Vagas de Emprego e Est\u00e1gio em S\u00e3o Paulo","publisher":{"@id":"https:\/\/www.vagasempregosp.com.br\/#organization"},"potentialAction":[{"@type":"SearchAction","target":{"@type":"EntryPoint","urlTemplate":"https:\/\/www.vagasempregosp.com.br\/?s={search_term_string}"},"query-input":{"@type":"PropertyValueSpecification","valueRequired":true,"valueName":"search_term_string"}}],"inLanguage":"pt-BR"},{"@type":"Organization","@id":"https:\/\/www.vagasempregosp.com.br\/#organization","name":"VagasEmpregoSP","url":"https:\/\/www.vagasempregosp.com.br\/","logo":{"@type":"ImageObject","inLanguage":"pt-BR","@id":"https:\/\/www.vagasempregosp.com.br\/#\/schema\/logo\/image\/","url":"https:\/\/www.vagasempregosp.com.br\/wp-content\/uploads\/2025\/06\/cropped-logovsp2015.jpg","contentUrl":"https:\/\/www.vagasempregosp.com.br\/wp-content\/uploads\/2025\/06\/cropped-logovsp2015.jpg","width":323,"height":90,"caption":"VagasEmpregoSP"},"image":{"@id":"https:\/\/www.vagasempregosp.com.br\/#\/schema\/logo\/image\/"}},{"@type":"Person","@id":"https:\/\/www.vagasempregosp.com.br\/#\/schema\/person\/456ec40bd3c8bc7506f4a4408e8f46d5","name":"Vagas Emprego SP","image":{"@type":"ImageObject","inLanguage":"pt-BR","@id":"https:\/\/secure.gravatar.com\/avatar\/e198f9393383244894b06db503be8cb43011f384a429c7a9f84f3f61c138a35e?s=96&d=mm&r=g","url":"https:\/\/secure.gravatar.com\/avatar\/e198f9393383244894b06db503be8cb43011f384a429c7a9f84f3f61c138a35e?s=96&d=mm&r=g","contentUrl":"https:\/\/secure.gravatar.com\/avatar\/e198f9393383244894b06db503be8cb43011f384a429c7a9f84f3f61c138a35e?s=96&d=mm&r=g","caption":"Vagas Emprego SP"},"url":"https:\/\/www.vagasempregosp.com.br\/index.php\/author\/vagasemprego\/"}]}},"_links":{"self":[{"href":"https:\/\/www.vagasempregosp.com.br\/index.php\/wp-json\/wp\/v2\/posts\/63894","targetHints":{"allow":["GET"]}}],"collection":[{"href":"https:\/\/www.vagasempregosp.com.br\/index.php\/wp-json\/wp\/v2\/posts"}],"about":[{"href":"https:\/\/www.vagasempregosp.com.br\/index.php\/wp-json\/wp\/v2\/types\/post"}],"author":[{"embeddable":true,"href":"https:\/\/www.vagasempregosp.com.br\/index.php\/wp-json\/wp\/v2\/users\/2"}],"replies":[{"embeddable":true,"href":"https:\/\/www.vagasempregosp.com.br\/index.php\/wp-json\/wp\/v2\/comments?post=63894"}],"version-history":[{"count":0,"href":"https:\/\/www.vagasempregosp.com.br\/index.php\/wp-json\/wp\/v2\/posts\/63894\/revisions"}],"wp:attachment":[{"href":"https:\/\/www.vagasempregosp.com.br\/index.php\/wp-json\/wp\/v2\/media?parent=63894"}],"wp:term":[{"taxonomy":"category","embeddable":true,"href":"https:\/\/www.vagasempregosp.com.br\/index.php\/wp-json\/wp\/v2\/categories?post=63894"},{"taxonomy":"post_tag","embeddable":true,"href":"https:\/\/www.vagasempregosp.com.br\/index.php\/wp-json\/wp\/v2\/tags?post=63894"}],"curies":[{"name":"wp","href":"https:\/\/api.w.org\/{rel}","templated":true}]}}