{"id":63892,"date":"2024-12-11T13:00:28","date_gmt":"2024-12-11T16:00:28","guid":{"rendered":"https:\/\/www.vagasempregosp.com.br\/?p=63892"},"modified":"2024-12-11T13:00:28","modified_gmt":"2024-12-11T16:00:28","slug":"tecnico-de-enfermagem-do-trabalho-sao-paulo-sp-3","status":"publish","type":"post","link":"https:\/\/www.vagasempregosp.com.br\/index.php\/2024\/12\/11\/tecnico-de-enfermagem-do-trabalho-sao-paulo-sp-3\/","title":{"rendered":"T\u00e9cnico de Enfermagem do Trabalho &#8211; S\u00e3o Paulo &#8211; SP"},"content":{"rendered":"<p style=\"text-align: justify;\">Requisitos:<\/p>\n<ul style=\"text-align: justify;\">\n<li>Curso T\u00e9cnico de Enfermagem completo.<\/li>\n<li>Registro ativo no COREN.<\/li>\n<li>Especializa\u00e7\u00e3o em Enfermagem do Trabalho.<\/li>\n<li>Experi\u00eancia m\u00ednima de 2 anos na \u00e1rea de Enfermagem do Trabalho.<\/li>\n<li>Conhecimento em normas regulamentadoras (NRs) relacionadas \u00e0 sa\u00fade e seguran\u00e7a do trabalho.<\/li>\n<li>Habilidade em realizar atendimentos de urg\u00eancia e emerg\u00eancia.<\/li>\n<li>Capacidade de realizar exames ocupacionais e controle de atestados m\u00e9dicos.<\/li>\n<li>Conhecimento em primeiros socorros.<\/li>\n<li>Dom\u00ednio em inform\u00e1tica (Pacote Office).<\/li>\n<li>Boa comunica\u00e7\u00e3o e habilidades interpessoais.<\/li>\n<\/ul>\n<p style=\"text-align: justify;\">Diferenciais:<\/p>\n<ul style=\"text-align: justify;\">\n<li>Experi\u00eancia em empresas de grande porte.<\/li>\n<li>Certifica\u00e7\u00e3o em BLS (Basic Life Support) ou ACLS (Advanced Cardiovascular Life Support).<\/li>\n<li>Conhecimento em gest\u00e3o de programas de sa\u00fade ocupacional.<\/li>\n<li>Participa\u00e7\u00e3o em cursos e treinamentos na \u00e1rea de sa\u00fade e seguran\u00e7a do trabalho.<\/li>\n<li>Habilidade em ministrar treinamentos e palestras sobre sa\u00fade e seguran\u00e7a.<\/li>\n<li>Experi\u00eancia com sistemas de gest\u00e3o de sa\u00fade ocupacional.<\/li>\n<li>Ingl\u00eas intermedi\u00e1rio.<\/li>\n<\/ul>\n<p style=\"text-align: justify;\">Descri\u00e7\u00e3o e Responsabilidades:<\/p>\n<ul style=\"text-align: justify;\">\n<li>Realizar atendimentos de primeiros socorros e procedimentos de emerg\u00eancia, quando necess\u00e1rio.<\/li>\n<li>Auxiliar na realiza\u00e7\u00e3o de exames ocupacionais, admissionais, peri\u00f3dicos, de retorno ao trabalho e demissionais.<\/li>\n<li>Participar de programas de preven\u00e7\u00e3o de acidentes e de sa\u00fade ocupacional, promovendo campanhas educativas e palestras.<\/li>\n<li>Realizar controle e organiza\u00e7\u00e3o de prontu\u00e1rios m\u00e9dicos e documenta\u00e7\u00e3o de sa\u00fade ocupacional.<\/li>\n<li>Auxiliar na elabora\u00e7\u00e3o e implementa\u00e7\u00e3o de pol\u00edticas de sa\u00fade e seguran\u00e7a no trabalho.<\/li>\n<li>Monitorar e controlar o estoque de materiais e medicamentos, garantindo a disponibilidade e validade dos mesmos.<\/li>\n<li>Prestar suporte na investiga\u00e7\u00e3o de acidentes de trabalho e na implementa\u00e7\u00e3o de medidas corretivas e preventivas.<\/li>\n<li>Realizar visitas t\u00e9cnicas aos setores da empresa para identificar poss\u00edveis riscos \u00e0 sa\u00fade dos colaboradores.<\/li>\n<li>Colaborar com a equipe multidisciplinar na promo\u00e7\u00e3o de um ambiente de trabalho seguro e saud\u00e1vel.<\/li>\n<li>Participar de treinamentos e capacita\u00e7\u00f5es cont\u00ednuas para atualiza\u00e7\u00e3o e aprimoramento profissional.<\/li>\n<\/ul>\n<p style=\"text-align: justify;\">Jornada de trabalho:<\/p>\n<ul style=\"text-align: justify;\">\n<li>44 horas semanais<\/li>\n<\/ul>\n<p style=\"text-align: justify;\">Cadastrar curr\u00edculo informando no assunto a vaga de interesse pelo Link<br \/>\nhttps:\/\/www.empregare.com\/pt-br\/vaga-tec-de-enfermagem-do-trabalho-tec-de-enf_97591<\/p>\n","protected":false},"excerpt":{"rendered":"<p>Requisitos: Curso T\u00e9cnico de Enfermagem completo. Registro ativo no COREN. Especializa\u00e7\u00e3o em Enfermagem do Trabalho. Experi\u00eancia m\u00ednima de 2 anos na \u00e1rea de Enfermagem do [&#8230;]<\/p>\n","protected":false},"author":2,"featured_media":0,"comment_status":"closed","ping_status":"closed","sticky":false,"template":"","format":"standard","meta":{"footnotes":""},"categories":[119,52,87],"tags":[],"class_list":["post-63892","post","type-post","status-publish","format-standard","hentry","category-ensino-tecnico","category-ingles","category-saude-medico-enfermeiro"],"yoast_head":"<!-- This site is optimized with the Yoast SEO plugin v27.5 - https:\/\/yoast.com\/product\/yoast-seo-wordpress\/ -->\n<title>T\u00e9cnico de Enfermagem do Trabalho - S\u00e3o Paulo - SP - VagasEmpregoSP<\/title>\n<meta name=\"robots\" content=\"index, follow, max-snippet:-1, max-image-preview:large, max-video-preview:-1\" \/>\n<link rel=\"canonical\" href=\"https:\/\/www.vagasempregosp.com.br\/index.php\/2024\/12\/11\/tecnico-de-enfermagem-do-trabalho-sao-paulo-sp-3\/\" \/>\n<meta property=\"og:locale\" content=\"pt_BR\" \/>\n<meta property=\"og:type\" content=\"article\" \/>\n<meta property=\"og:title\" content=\"T\u00e9cnico de Enfermagem do Trabalho - S\u00e3o Paulo - SP - VagasEmpregoSP\" \/>\n<meta property=\"og:description\" content=\"Requisitos: Curso T\u00e9cnico de Enfermagem completo. Registro ativo no COREN. Especializa\u00e7\u00e3o em Enfermagem do Trabalho. Experi\u00eancia m\u00ednima de 2 anos na \u00e1rea de Enfermagem do [...]\" \/>\n<meta property=\"og:url\" content=\"https:\/\/www.vagasempregosp.com.br\/index.php\/2024\/12\/11\/tecnico-de-enfermagem-do-trabalho-sao-paulo-sp-3\/\" \/>\n<meta property=\"og:site_name\" content=\"VagasEmpregoSP\" \/>\n<meta property=\"article:published_time\" content=\"2024-12-11T16:00:28+00:00\" \/>\n<meta name=\"author\" content=\"Vagas Emprego SP\" \/>\n<meta name=\"twitter:card\" content=\"summary_large_image\" \/>\n<meta name=\"twitter:label1\" content=\"Escrito por\" \/>\n\t<meta name=\"twitter:data1\" content=\"Vagas Emprego SP\" \/>\n\t<meta name=\"twitter:label2\" content=\"Est. tempo de leitura\" \/>\n\t<meta name=\"twitter:data2\" content=\"2 minutos\" \/>\n<script type=\"application\/ld+json\" class=\"yoast-schema-graph\">{\"@context\":\"https:\\\/\\\/schema.org\",\"@graph\":[{\"@type\":\"Article\",\"@id\":\"https:\\\/\\\/www.vagasempregosp.com.br\\\/index.php\\\/2024\\\/12\\\/11\\\/tecnico-de-enfermagem-do-trabalho-sao-paulo-sp-3\\\/#article\",\"isPartOf\":{\"@id\":\"https:\\\/\\\/www.vagasempregosp.com.br\\\/index.php\\\/2024\\\/12\\\/11\\\/tecnico-de-enfermagem-do-trabalho-sao-paulo-sp-3\\\/\"},\"author\":{\"name\":\"Vagas Emprego SP\",\"@id\":\"https:\\\/\\\/www.vagasempregosp.com.br\\\/#\\\/schema\\\/person\\\/456ec40bd3c8bc7506f4a4408e8f46d5\"},\"headline\":\"T\u00e9cnico de Enfermagem do Trabalho &#8211; S\u00e3o Paulo &#8211; SP\",\"datePublished\":\"2024-12-11T16:00:28+00:00\",\"mainEntityOfPage\":{\"@id\":\"https:\\\/\\\/www.vagasempregosp.com.br\\\/index.php\\\/2024\\\/12\\\/11\\\/tecnico-de-enfermagem-do-trabalho-sao-paulo-sp-3\\\/\"},\"wordCount\":357,\"publisher\":{\"@id\":\"https:\\\/\\\/www.vagasempregosp.com.br\\\/#organization\"},\"articleSection\":[\"ensino t\u00e9cnico\",\"ingl\u00eas\",\"sa\u00fade\"],\"inLanguage\":\"pt-BR\"},{\"@type\":\"WebPage\",\"@id\":\"https:\\\/\\\/www.vagasempregosp.com.br\\\/index.php\\\/2024\\\/12\\\/11\\\/tecnico-de-enfermagem-do-trabalho-sao-paulo-sp-3\\\/\",\"url\":\"https:\\\/\\\/www.vagasempregosp.com.br\\\/index.php\\\/2024\\\/12\\\/11\\\/tecnico-de-enfermagem-do-trabalho-sao-paulo-sp-3\\\/\",\"name\":\"T\u00e9cnico de Enfermagem do Trabalho - S\u00e3o Paulo - SP - VagasEmpregoSP\",\"isPartOf\":{\"@id\":\"https:\\\/\\\/www.vagasempregosp.com.br\\\/#website\"},\"datePublished\":\"2024-12-11T16:00:28+00:00\",\"breadcrumb\":{\"@id\":\"https:\\\/\\\/www.vagasempregosp.com.br\\\/index.php\\\/2024\\\/12\\\/11\\\/tecnico-de-enfermagem-do-trabalho-sao-paulo-sp-3\\\/#breadcrumb\"},\"inLanguage\":\"pt-BR\",\"potentialAction\":[{\"@type\":\"ReadAction\",\"target\":[\"https:\\\/\\\/www.vagasempregosp.com.br\\\/index.php\\\/2024\\\/12\\\/11\\\/tecnico-de-enfermagem-do-trabalho-sao-paulo-sp-3\\\/\"]}]},{\"@type\":\"BreadcrumbList\",\"@id\":\"https:\\\/\\\/www.vagasempregosp.com.br\\\/index.php\\\/2024\\\/12\\\/11\\\/tecnico-de-enfermagem-do-trabalho-sao-paulo-sp-3\\\/#breadcrumb\",\"itemListElement\":[{\"@type\":\"ListItem\",\"position\":1,\"name\":\"Home\",\"item\":\"https:\\\/\\\/www.vagasempregosp.com.br\\\/\"},{\"@type\":\"ListItem\",\"position\":2,\"name\":\"T\u00e9cnico de Enfermagem do Trabalho &#8211; S\u00e3o Paulo &#8211; SP\"}]},{\"@type\":\"WebSite\",\"@id\":\"https:\\\/\\\/www.vagasempregosp.com.br\\\/#website\",\"url\":\"https:\\\/\\\/www.vagasempregosp.com.br\\\/\",\"name\":\"VagasEmpregoSP\",\"description\":\"Vagas de Emprego e Est\u00e1gio em S\u00e3o Paulo\",\"publisher\":{\"@id\":\"https:\\\/\\\/www.vagasempregosp.com.br\\\/#organization\"},\"potentialAction\":[{\"@type\":\"SearchAction\",\"target\":{\"@type\":\"EntryPoint\",\"urlTemplate\":\"https:\\\/\\\/www.vagasempregosp.com.br\\\/?s={search_term_string}\"},\"query-input\":{\"@type\":\"PropertyValueSpecification\",\"valueRequired\":true,\"valueName\":\"search_term_string\"}}],\"inLanguage\":\"pt-BR\"},{\"@type\":\"Organization\",\"@id\":\"https:\\\/\\\/www.vagasempregosp.com.br\\\/#organization\",\"name\":\"VagasEmpregoSP\",\"url\":\"https:\\\/\\\/www.vagasempregosp.com.br\\\/\",\"logo\":{\"@type\":\"ImageObject\",\"inLanguage\":\"pt-BR\",\"@id\":\"https:\\\/\\\/www.vagasempregosp.com.br\\\/#\\\/schema\\\/logo\\\/image\\\/\",\"url\":\"https:\\\/\\\/www.vagasempregosp.com.br\\\/wp-content\\\/uploads\\\/2025\\\/06\\\/cropped-logovsp2015.jpg\",\"contentUrl\":\"https:\\\/\\\/www.vagasempregosp.com.br\\\/wp-content\\\/uploads\\\/2025\\\/06\\\/cropped-logovsp2015.jpg\",\"width\":323,\"height\":90,\"caption\":\"VagasEmpregoSP\"},\"image\":{\"@id\":\"https:\\\/\\\/www.vagasempregosp.com.br\\\/#\\\/schema\\\/logo\\\/image\\\/\"}},{\"@type\":\"Person\",\"@id\":\"https:\\\/\\\/www.vagasempregosp.com.br\\\/#\\\/schema\\\/person\\\/456ec40bd3c8bc7506f4a4408e8f46d5\",\"name\":\"Vagas Emprego SP\",\"image\":{\"@type\":\"ImageObject\",\"inLanguage\":\"pt-BR\",\"@id\":\"https:\\\/\\\/secure.gravatar.com\\\/avatar\\\/e198f9393383244894b06db503be8cb43011f384a429c7a9f84f3f61c138a35e?s=96&d=mm&r=g\",\"url\":\"https:\\\/\\\/secure.gravatar.com\\\/avatar\\\/e198f9393383244894b06db503be8cb43011f384a429c7a9f84f3f61c138a35e?s=96&d=mm&r=g\",\"contentUrl\":\"https:\\\/\\\/secure.gravatar.com\\\/avatar\\\/e198f9393383244894b06db503be8cb43011f384a429c7a9f84f3f61c138a35e?s=96&d=mm&r=g\",\"caption\":\"Vagas Emprego SP\"},\"url\":\"https:\\\/\\\/www.vagasempregosp.com.br\\\/index.php\\\/author\\\/vagasemprego\\\/\"}]}<\/script>\n<!-- \/ Yoast SEO plugin. -->","yoast_head_json":{"title":"T\u00e9cnico de Enfermagem do Trabalho - S\u00e3o Paulo - SP - VagasEmpregoSP","robots":{"index":"index","follow":"follow","max-snippet":"max-snippet:-1","max-image-preview":"max-image-preview:large","max-video-preview":"max-video-preview:-1"},"canonical":"https:\/\/www.vagasempregosp.com.br\/index.php\/2024\/12\/11\/tecnico-de-enfermagem-do-trabalho-sao-paulo-sp-3\/","og_locale":"pt_BR","og_type":"article","og_title":"T\u00e9cnico de Enfermagem do Trabalho - S\u00e3o Paulo - SP - VagasEmpregoSP","og_description":"Requisitos: Curso T\u00e9cnico de Enfermagem completo. Registro ativo no COREN. Especializa\u00e7\u00e3o em Enfermagem do Trabalho. Experi\u00eancia m\u00ednima de 2 anos na \u00e1rea de Enfermagem do [...]","og_url":"https:\/\/www.vagasempregosp.com.br\/index.php\/2024\/12\/11\/tecnico-de-enfermagem-do-trabalho-sao-paulo-sp-3\/","og_site_name":"VagasEmpregoSP","article_published_time":"2024-12-11T16:00:28+00:00","author":"Vagas Emprego SP","twitter_card":"summary_large_image","twitter_misc":{"Escrito por":"Vagas Emprego SP","Est. tempo de leitura":"2 minutos"},"schema":{"@context":"https:\/\/schema.org","@graph":[{"@type":"Article","@id":"https:\/\/www.vagasempregosp.com.br\/index.php\/2024\/12\/11\/tecnico-de-enfermagem-do-trabalho-sao-paulo-sp-3\/#article","isPartOf":{"@id":"https:\/\/www.vagasempregosp.com.br\/index.php\/2024\/12\/11\/tecnico-de-enfermagem-do-trabalho-sao-paulo-sp-3\/"},"author":{"name":"Vagas Emprego SP","@id":"https:\/\/www.vagasempregosp.com.br\/#\/schema\/person\/456ec40bd3c8bc7506f4a4408e8f46d5"},"headline":"T\u00e9cnico de Enfermagem do Trabalho &#8211; S\u00e3o Paulo &#8211; SP","datePublished":"2024-12-11T16:00:28+00:00","mainEntityOfPage":{"@id":"https:\/\/www.vagasempregosp.com.br\/index.php\/2024\/12\/11\/tecnico-de-enfermagem-do-trabalho-sao-paulo-sp-3\/"},"wordCount":357,"publisher":{"@id":"https:\/\/www.vagasempregosp.com.br\/#organization"},"articleSection":["ensino t\u00e9cnico","ingl\u00eas","sa\u00fade"],"inLanguage":"pt-BR"},{"@type":"WebPage","@id":"https:\/\/www.vagasempregosp.com.br\/index.php\/2024\/12\/11\/tecnico-de-enfermagem-do-trabalho-sao-paulo-sp-3\/","url":"https:\/\/www.vagasempregosp.com.br\/index.php\/2024\/12\/11\/tecnico-de-enfermagem-do-trabalho-sao-paulo-sp-3\/","name":"T\u00e9cnico de Enfermagem do Trabalho - S\u00e3o Paulo - SP - VagasEmpregoSP","isPartOf":{"@id":"https:\/\/www.vagasempregosp.com.br\/#website"},"datePublished":"2024-12-11T16:00:28+00:00","breadcrumb":{"@id":"https:\/\/www.vagasempregosp.com.br\/index.php\/2024\/12\/11\/tecnico-de-enfermagem-do-trabalho-sao-paulo-sp-3\/#breadcrumb"},"inLanguage":"pt-BR","potentialAction":[{"@type":"ReadAction","target":["https:\/\/www.vagasempregosp.com.br\/index.php\/2024\/12\/11\/tecnico-de-enfermagem-do-trabalho-sao-paulo-sp-3\/"]}]},{"@type":"BreadcrumbList","@id":"https:\/\/www.vagasempregosp.com.br\/index.php\/2024\/12\/11\/tecnico-de-enfermagem-do-trabalho-sao-paulo-sp-3\/#breadcrumb","itemListElement":[{"@type":"ListItem","position":1,"name":"Home","item":"https:\/\/www.vagasempregosp.com.br\/"},{"@type":"ListItem","position":2,"name":"T\u00e9cnico de Enfermagem do Trabalho &#8211; S\u00e3o Paulo &#8211; SP"}]},{"@type":"WebSite","@id":"https:\/\/www.vagasempregosp.com.br\/#website","url":"https:\/\/www.vagasempregosp.com.br\/","name":"VagasEmpregoSP","description":"Vagas de Emprego e Est\u00e1gio em S\u00e3o Paulo","publisher":{"@id":"https:\/\/www.vagasempregosp.com.br\/#organization"},"potentialAction":[{"@type":"SearchAction","target":{"@type":"EntryPoint","urlTemplate":"https:\/\/www.vagasempregosp.com.br\/?s={search_term_string}"},"query-input":{"@type":"PropertyValueSpecification","valueRequired":true,"valueName":"search_term_string"}}],"inLanguage":"pt-BR"},{"@type":"Organization","@id":"https:\/\/www.vagasempregosp.com.br\/#organization","name":"VagasEmpregoSP","url":"https:\/\/www.vagasempregosp.com.br\/","logo":{"@type":"ImageObject","inLanguage":"pt-BR","@id":"https:\/\/www.vagasempregosp.com.br\/#\/schema\/logo\/image\/","url":"https:\/\/www.vagasempregosp.com.br\/wp-content\/uploads\/2025\/06\/cropped-logovsp2015.jpg","contentUrl":"https:\/\/www.vagasempregosp.com.br\/wp-content\/uploads\/2025\/06\/cropped-logovsp2015.jpg","width":323,"height":90,"caption":"VagasEmpregoSP"},"image":{"@id":"https:\/\/www.vagasempregosp.com.br\/#\/schema\/logo\/image\/"}},{"@type":"Person","@id":"https:\/\/www.vagasempregosp.com.br\/#\/schema\/person\/456ec40bd3c8bc7506f4a4408e8f46d5","name":"Vagas Emprego SP","image":{"@type":"ImageObject","inLanguage":"pt-BR","@id":"https:\/\/secure.gravatar.com\/avatar\/e198f9393383244894b06db503be8cb43011f384a429c7a9f84f3f61c138a35e?s=96&d=mm&r=g","url":"https:\/\/secure.gravatar.com\/avatar\/e198f9393383244894b06db503be8cb43011f384a429c7a9f84f3f61c138a35e?s=96&d=mm&r=g","contentUrl":"https:\/\/secure.gravatar.com\/avatar\/e198f9393383244894b06db503be8cb43011f384a429c7a9f84f3f61c138a35e?s=96&d=mm&r=g","caption":"Vagas Emprego SP"},"url":"https:\/\/www.vagasempregosp.com.br\/index.php\/author\/vagasemprego\/"}]}},"_links":{"self":[{"href":"https:\/\/www.vagasempregosp.com.br\/index.php\/wp-json\/wp\/v2\/posts\/63892","targetHints":{"allow":["GET"]}}],"collection":[{"href":"https:\/\/www.vagasempregosp.com.br\/index.php\/wp-json\/wp\/v2\/posts"}],"about":[{"href":"https:\/\/www.vagasempregosp.com.br\/index.php\/wp-json\/wp\/v2\/types\/post"}],"author":[{"embeddable":true,"href":"https:\/\/www.vagasempregosp.com.br\/index.php\/wp-json\/wp\/v2\/users\/2"}],"replies":[{"embeddable":true,"href":"https:\/\/www.vagasempregosp.com.br\/index.php\/wp-json\/wp\/v2\/comments?post=63892"}],"version-history":[{"count":0,"href":"https:\/\/www.vagasempregosp.com.br\/index.php\/wp-json\/wp\/v2\/posts\/63892\/revisions"}],"wp:attachment":[{"href":"https:\/\/www.vagasempregosp.com.br\/index.php\/wp-json\/wp\/v2\/media?parent=63892"}],"wp:term":[{"taxonomy":"category","embeddable":true,"href":"https:\/\/www.vagasempregosp.com.br\/index.php\/wp-json\/wp\/v2\/categories?post=63892"},{"taxonomy":"post_tag","embeddable":true,"href":"https:\/\/www.vagasempregosp.com.br\/index.php\/wp-json\/wp\/v2\/tags?post=63892"}],"curies":[{"name":"wp","href":"https:\/\/api.w.org\/{rel}","templated":true}]}}