{"id":63886,"date":"2024-12-11T10:00:15","date_gmt":"2024-12-11T13:00:15","guid":{"rendered":"https:\/\/www.vagasempregosp.com.br\/?p=63886"},"modified":"2024-12-11T10:00:15","modified_gmt":"2024-12-11T13:00:15","slug":"biomedico-ou-farmaceutico-esteta-responsavel-tecnico-sao-paulo-sp","status":"publish","type":"post","link":"https:\/\/www.vagasempregosp.com.br\/index.php\/2024\/12\/11\/biomedico-ou-farmaceutico-esteta-responsavel-tecnico-sao-paulo-sp\/","title":{"rendered":"Biom\u00e9dico ou Farmac\u00eautico Esteta &#8211; Respons\u00e1vel T\u00e9cnico &#8211; S\u00e3o Paulo &#8211; SP"},"content":{"rendered":"<p>Requisitos:<\/p>\n<ul>\n<li>Gradua\u00e7\u00e3o completa em Biomedicina ou Farm\u00e1cia<\/li>\n<li>P\u00f3s-gradua\u00e7\u00e3o em Est\u00e9tica (conclu\u00eddo).<\/li>\n<li>Registro profissional ativo.(mandat\u00f3rio)<\/li>\n<li>Necess\u00e1rio experi\u00eancia e atua\u00e7\u00e3o na \u00e1rea com procedimentos injet\u00e1veis (faciais e corporais) por no m\u00ednimo 2 anos. Desej\u00e1vel experi\u00eancia como RT.<\/li>\n<li>Dom\u00ednio da aplica\u00e7\u00e3o de botox e preenchedores, fios de PDO, procedimentos macro e micro focados (equipamentos).<\/li>\n<li>\u00a0Disponibilidade para atuar 20h semanais na unidade. (facilidade de acesso para a zona sul &#8211; Portal do Morumbi)<\/li>\n<\/ul>\n<p>Descri\u00e7\u00e3o e Responsabilidades:<\/p>\n<ul>\n<li>A Face Doctor \u00e9 uma rede de cl\u00ednicas de est\u00e9tica premium de rejuvenescimento facial e corporal, que est\u00e1 redefinindo os padr\u00f5es de beleza e bem-estar no Brasil oferecendo uma experi\u00eancia \u00fanica e personalizada para cada cliente.<\/li>\n<li>Face Doctor est\u00e1 em busca de profissionais para atuar como Respons\u00e1vel T\u00e9cnico em sua unidade localizada m S\u00e3o Paulo, no Portal do Morumbi.<\/li>\n<\/ul>\n<p>Principais atividades:<\/p>\n<ul>\n<li>\u00a0Coordenar a parte t\u00e9cnica da unidade<\/li>\n<li>\u00a0Controlar o uso de insumos<\/li>\n<li>\u00a0Tratamento de intercorr\u00eancias e ocorr\u00eancias da parte t\u00e9cnica<\/li>\n<li>\u00a0Cadastro de fornecedores e treinamentos<\/li>\n<\/ul>\n<p>Jornada de trabalho:<\/p>\n<ul>\n<li>20 horas semanais<\/li>\n<\/ul>\n<p>Cadastrar curr\u00edculo informando no assunto a vaga de interesse pelo Link<br \/>\nhttps:\/\/www.empregare.com\/pt-br\/vaga-biomedico-ou-farmaceutico-esteta-respons_97592<\/p>\n","protected":false},"excerpt":{"rendered":"<p>Requisitos: Gradua\u00e7\u00e3o completa em Biomedicina ou Farm\u00e1cia P\u00f3s-gradua\u00e7\u00e3o em Est\u00e9tica (conclu\u00eddo). Registro profissional ativo.(mandat\u00f3rio) Necess\u00e1rio experi\u00eancia e atua\u00e7\u00e3o na \u00e1rea com procedimentos injet\u00e1veis (faciais e [&#8230;]<\/p>\n","protected":false},"author":2,"featured_media":0,"comment_status":"closed","ping_status":"closed","sticky":false,"template":"","format":"standard","meta":{"footnotes":""},"categories":[117,87],"tags":[],"class_list":["post-63886","post","type-post","status-publish","format-standard","hentry","category-ensino-superior","category-saude-medico-enfermeiro"],"yoast_head":"<!-- This site is optimized with the Yoast SEO plugin v27.5 - https:\/\/yoast.com\/product\/yoast-seo-wordpress\/ -->\n<title>Biom\u00e9dico ou Farmac\u00eautico Esteta - Respons\u00e1vel T\u00e9cnico - S\u00e3o Paulo - SP - VagasEmpregoSP<\/title>\n<meta name=\"robots\" content=\"index, follow, max-snippet:-1, max-image-preview:large, max-video-preview:-1\" \/>\n<link rel=\"canonical\" href=\"https:\/\/www.vagasempregosp.com.br\/index.php\/2024\/12\/11\/biomedico-ou-farmaceutico-esteta-responsavel-tecnico-sao-paulo-sp\/\" \/>\n<meta property=\"og:locale\" content=\"pt_BR\" \/>\n<meta property=\"og:type\" content=\"article\" \/>\n<meta property=\"og:title\" content=\"Biom\u00e9dico ou Farmac\u00eautico Esteta - Respons\u00e1vel T\u00e9cnico - S\u00e3o Paulo - SP - VagasEmpregoSP\" \/>\n<meta property=\"og:description\" content=\"Requisitos: Gradua\u00e7\u00e3o completa em Biomedicina ou Farm\u00e1cia P\u00f3s-gradua\u00e7\u00e3o em Est\u00e9tica (conclu\u00eddo). Registro profissional ativo.(mandat\u00f3rio) Necess\u00e1rio experi\u00eancia e atua\u00e7\u00e3o na \u00e1rea com procedimentos injet\u00e1veis (faciais e [...]\" \/>\n<meta property=\"og:url\" content=\"https:\/\/www.vagasempregosp.com.br\/index.php\/2024\/12\/11\/biomedico-ou-farmaceutico-esteta-responsavel-tecnico-sao-paulo-sp\/\" \/>\n<meta property=\"og:site_name\" content=\"VagasEmpregoSP\" \/>\n<meta property=\"article:published_time\" content=\"2024-12-11T13:00:15+00:00\" \/>\n<meta name=\"author\" content=\"Vagas Emprego SP\" \/>\n<meta name=\"twitter:card\" content=\"summary_large_image\" \/>\n<meta name=\"twitter:label1\" content=\"Escrito por\" \/>\n\t<meta name=\"twitter:data1\" content=\"Vagas Emprego SP\" \/>\n\t<meta name=\"twitter:label2\" content=\"Est. tempo de leitura\" \/>\n\t<meta name=\"twitter:data2\" content=\"1 minuto\" \/>\n<script type=\"application\/ld+json\" class=\"yoast-schema-graph\">{\"@context\":\"https:\\\/\\\/schema.org\",\"@graph\":[{\"@type\":\"Article\",\"@id\":\"https:\\\/\\\/www.vagasempregosp.com.br\\\/index.php\\\/2024\\\/12\\\/11\\\/biomedico-ou-farmaceutico-esteta-responsavel-tecnico-sao-paulo-sp\\\/#article\",\"isPartOf\":{\"@id\":\"https:\\\/\\\/www.vagasempregosp.com.br\\\/index.php\\\/2024\\\/12\\\/11\\\/biomedico-ou-farmaceutico-esteta-responsavel-tecnico-sao-paulo-sp\\\/\"},\"author\":{\"name\":\"Vagas Emprego SP\",\"@id\":\"https:\\\/\\\/www.vagasempregosp.com.br\\\/#\\\/schema\\\/person\\\/456ec40bd3c8bc7506f4a4408e8f46d5\"},\"headline\":\"Biom\u00e9dico ou Farmac\u00eautico Esteta &#8211; Respons\u00e1vel T\u00e9cnico &#8211; S\u00e3o Paulo &#8211; SP\",\"datePublished\":\"2024-12-11T13:00:15+00:00\",\"mainEntityOfPage\":{\"@id\":\"https:\\\/\\\/www.vagasempregosp.com.br\\\/index.php\\\/2024\\\/12\\\/11\\\/biomedico-ou-farmaceutico-esteta-responsavel-tecnico-sao-paulo-sp\\\/\"},\"wordCount\":224,\"publisher\":{\"@id\":\"https:\\\/\\\/www.vagasempregosp.com.br\\\/#organization\"},\"articleSection\":[\"ensino superior\",\"sa\u00fade\"],\"inLanguage\":\"pt-BR\"},{\"@type\":\"WebPage\",\"@id\":\"https:\\\/\\\/www.vagasempregosp.com.br\\\/index.php\\\/2024\\\/12\\\/11\\\/biomedico-ou-farmaceutico-esteta-responsavel-tecnico-sao-paulo-sp\\\/\",\"url\":\"https:\\\/\\\/www.vagasempregosp.com.br\\\/index.php\\\/2024\\\/12\\\/11\\\/biomedico-ou-farmaceutico-esteta-responsavel-tecnico-sao-paulo-sp\\\/\",\"name\":\"Biom\u00e9dico ou Farmac\u00eautico Esteta - Respons\u00e1vel T\u00e9cnico - S\u00e3o Paulo - SP - VagasEmpregoSP\",\"isPartOf\":{\"@id\":\"https:\\\/\\\/www.vagasempregosp.com.br\\\/#website\"},\"datePublished\":\"2024-12-11T13:00:15+00:00\",\"breadcrumb\":{\"@id\":\"https:\\\/\\\/www.vagasempregosp.com.br\\\/index.php\\\/2024\\\/12\\\/11\\\/biomedico-ou-farmaceutico-esteta-responsavel-tecnico-sao-paulo-sp\\\/#breadcrumb\"},\"inLanguage\":\"pt-BR\",\"potentialAction\":[{\"@type\":\"ReadAction\",\"target\":[\"https:\\\/\\\/www.vagasempregosp.com.br\\\/index.php\\\/2024\\\/12\\\/11\\\/biomedico-ou-farmaceutico-esteta-responsavel-tecnico-sao-paulo-sp\\\/\"]}]},{\"@type\":\"BreadcrumbList\",\"@id\":\"https:\\\/\\\/www.vagasempregosp.com.br\\\/index.php\\\/2024\\\/12\\\/11\\\/biomedico-ou-farmaceutico-esteta-responsavel-tecnico-sao-paulo-sp\\\/#breadcrumb\",\"itemListElement\":[{\"@type\":\"ListItem\",\"position\":1,\"name\":\"Home\",\"item\":\"https:\\\/\\\/www.vagasempregosp.com.br\\\/\"},{\"@type\":\"ListItem\",\"position\":2,\"name\":\"Biom\u00e9dico ou Farmac\u00eautico Esteta &#8211; Respons\u00e1vel T\u00e9cnico &#8211; S\u00e3o Paulo &#8211; SP\"}]},{\"@type\":\"WebSite\",\"@id\":\"https:\\\/\\\/www.vagasempregosp.com.br\\\/#website\",\"url\":\"https:\\\/\\\/www.vagasempregosp.com.br\\\/\",\"name\":\"VagasEmpregoSP\",\"description\":\"Vagas de Emprego e Est\u00e1gio em S\u00e3o Paulo\",\"publisher\":{\"@id\":\"https:\\\/\\\/www.vagasempregosp.com.br\\\/#organization\"},\"potentialAction\":[{\"@type\":\"SearchAction\",\"target\":{\"@type\":\"EntryPoint\",\"urlTemplate\":\"https:\\\/\\\/www.vagasempregosp.com.br\\\/?s={search_term_string}\"},\"query-input\":{\"@type\":\"PropertyValueSpecification\",\"valueRequired\":true,\"valueName\":\"search_term_string\"}}],\"inLanguage\":\"pt-BR\"},{\"@type\":\"Organization\",\"@id\":\"https:\\\/\\\/www.vagasempregosp.com.br\\\/#organization\",\"name\":\"VagasEmpregoSP\",\"url\":\"https:\\\/\\\/www.vagasempregosp.com.br\\\/\",\"logo\":{\"@type\":\"ImageObject\",\"inLanguage\":\"pt-BR\",\"@id\":\"https:\\\/\\\/www.vagasempregosp.com.br\\\/#\\\/schema\\\/logo\\\/image\\\/\",\"url\":\"https:\\\/\\\/www.vagasempregosp.com.br\\\/wp-content\\\/uploads\\\/2025\\\/06\\\/cropped-logovsp2015.jpg\",\"contentUrl\":\"https:\\\/\\\/www.vagasempregosp.com.br\\\/wp-content\\\/uploads\\\/2025\\\/06\\\/cropped-logovsp2015.jpg\",\"width\":323,\"height\":90,\"caption\":\"VagasEmpregoSP\"},\"image\":{\"@id\":\"https:\\\/\\\/www.vagasempregosp.com.br\\\/#\\\/schema\\\/logo\\\/image\\\/\"}},{\"@type\":\"Person\",\"@id\":\"https:\\\/\\\/www.vagasempregosp.com.br\\\/#\\\/schema\\\/person\\\/456ec40bd3c8bc7506f4a4408e8f46d5\",\"name\":\"Vagas Emprego SP\",\"image\":{\"@type\":\"ImageObject\",\"inLanguage\":\"pt-BR\",\"@id\":\"https:\\\/\\\/secure.gravatar.com\\\/avatar\\\/e198f9393383244894b06db503be8cb43011f384a429c7a9f84f3f61c138a35e?s=96&d=mm&r=g\",\"url\":\"https:\\\/\\\/secure.gravatar.com\\\/avatar\\\/e198f9393383244894b06db503be8cb43011f384a429c7a9f84f3f61c138a35e?s=96&d=mm&r=g\",\"contentUrl\":\"https:\\\/\\\/secure.gravatar.com\\\/avatar\\\/e198f9393383244894b06db503be8cb43011f384a429c7a9f84f3f61c138a35e?s=96&d=mm&r=g\",\"caption\":\"Vagas Emprego SP\"},\"url\":\"https:\\\/\\\/www.vagasempregosp.com.br\\\/index.php\\\/author\\\/vagasemprego\\\/\"}]}<\/script>\n<!-- \/ Yoast SEO plugin. -->","yoast_head_json":{"title":"Biom\u00e9dico ou Farmac\u00eautico Esteta - Respons\u00e1vel T\u00e9cnico - S\u00e3o Paulo - SP - VagasEmpregoSP","robots":{"index":"index","follow":"follow","max-snippet":"max-snippet:-1","max-image-preview":"max-image-preview:large","max-video-preview":"max-video-preview:-1"},"canonical":"https:\/\/www.vagasempregosp.com.br\/index.php\/2024\/12\/11\/biomedico-ou-farmaceutico-esteta-responsavel-tecnico-sao-paulo-sp\/","og_locale":"pt_BR","og_type":"article","og_title":"Biom\u00e9dico ou Farmac\u00eautico Esteta - Respons\u00e1vel T\u00e9cnico - S\u00e3o Paulo - SP - VagasEmpregoSP","og_description":"Requisitos: Gradua\u00e7\u00e3o completa em Biomedicina ou Farm\u00e1cia P\u00f3s-gradua\u00e7\u00e3o em Est\u00e9tica (conclu\u00eddo). Registro profissional ativo.(mandat\u00f3rio) Necess\u00e1rio experi\u00eancia e atua\u00e7\u00e3o na \u00e1rea com procedimentos injet\u00e1veis (faciais e [...]","og_url":"https:\/\/www.vagasempregosp.com.br\/index.php\/2024\/12\/11\/biomedico-ou-farmaceutico-esteta-responsavel-tecnico-sao-paulo-sp\/","og_site_name":"VagasEmpregoSP","article_published_time":"2024-12-11T13:00:15+00:00","author":"Vagas Emprego SP","twitter_card":"summary_large_image","twitter_misc":{"Escrito por":"Vagas Emprego SP","Est. tempo de leitura":"1 minuto"},"schema":{"@context":"https:\/\/schema.org","@graph":[{"@type":"Article","@id":"https:\/\/www.vagasempregosp.com.br\/index.php\/2024\/12\/11\/biomedico-ou-farmaceutico-esteta-responsavel-tecnico-sao-paulo-sp\/#article","isPartOf":{"@id":"https:\/\/www.vagasempregosp.com.br\/index.php\/2024\/12\/11\/biomedico-ou-farmaceutico-esteta-responsavel-tecnico-sao-paulo-sp\/"},"author":{"name":"Vagas Emprego SP","@id":"https:\/\/www.vagasempregosp.com.br\/#\/schema\/person\/456ec40bd3c8bc7506f4a4408e8f46d5"},"headline":"Biom\u00e9dico ou Farmac\u00eautico Esteta &#8211; Respons\u00e1vel T\u00e9cnico &#8211; S\u00e3o Paulo &#8211; SP","datePublished":"2024-12-11T13:00:15+00:00","mainEntityOfPage":{"@id":"https:\/\/www.vagasempregosp.com.br\/index.php\/2024\/12\/11\/biomedico-ou-farmaceutico-esteta-responsavel-tecnico-sao-paulo-sp\/"},"wordCount":224,"publisher":{"@id":"https:\/\/www.vagasempregosp.com.br\/#organization"},"articleSection":["ensino superior","sa\u00fade"],"inLanguage":"pt-BR"},{"@type":"WebPage","@id":"https:\/\/www.vagasempregosp.com.br\/index.php\/2024\/12\/11\/biomedico-ou-farmaceutico-esteta-responsavel-tecnico-sao-paulo-sp\/","url":"https:\/\/www.vagasempregosp.com.br\/index.php\/2024\/12\/11\/biomedico-ou-farmaceutico-esteta-responsavel-tecnico-sao-paulo-sp\/","name":"Biom\u00e9dico ou Farmac\u00eautico Esteta - Respons\u00e1vel T\u00e9cnico - S\u00e3o Paulo - SP - VagasEmpregoSP","isPartOf":{"@id":"https:\/\/www.vagasempregosp.com.br\/#website"},"datePublished":"2024-12-11T13:00:15+00:00","breadcrumb":{"@id":"https:\/\/www.vagasempregosp.com.br\/index.php\/2024\/12\/11\/biomedico-ou-farmaceutico-esteta-responsavel-tecnico-sao-paulo-sp\/#breadcrumb"},"inLanguage":"pt-BR","potentialAction":[{"@type":"ReadAction","target":["https:\/\/www.vagasempregosp.com.br\/index.php\/2024\/12\/11\/biomedico-ou-farmaceutico-esteta-responsavel-tecnico-sao-paulo-sp\/"]}]},{"@type":"BreadcrumbList","@id":"https:\/\/www.vagasempregosp.com.br\/index.php\/2024\/12\/11\/biomedico-ou-farmaceutico-esteta-responsavel-tecnico-sao-paulo-sp\/#breadcrumb","itemListElement":[{"@type":"ListItem","position":1,"name":"Home","item":"https:\/\/www.vagasempregosp.com.br\/"},{"@type":"ListItem","position":2,"name":"Biom\u00e9dico ou Farmac\u00eautico Esteta &#8211; Respons\u00e1vel T\u00e9cnico &#8211; S\u00e3o Paulo &#8211; SP"}]},{"@type":"WebSite","@id":"https:\/\/www.vagasempregosp.com.br\/#website","url":"https:\/\/www.vagasempregosp.com.br\/","name":"VagasEmpregoSP","description":"Vagas de Emprego e Est\u00e1gio em S\u00e3o Paulo","publisher":{"@id":"https:\/\/www.vagasempregosp.com.br\/#organization"},"potentialAction":[{"@type":"SearchAction","target":{"@type":"EntryPoint","urlTemplate":"https:\/\/www.vagasempregosp.com.br\/?s={search_term_string}"},"query-input":{"@type":"PropertyValueSpecification","valueRequired":true,"valueName":"search_term_string"}}],"inLanguage":"pt-BR"},{"@type":"Organization","@id":"https:\/\/www.vagasempregosp.com.br\/#organization","name":"VagasEmpregoSP","url":"https:\/\/www.vagasempregosp.com.br\/","logo":{"@type":"ImageObject","inLanguage":"pt-BR","@id":"https:\/\/www.vagasempregosp.com.br\/#\/schema\/logo\/image\/","url":"https:\/\/www.vagasempregosp.com.br\/wp-content\/uploads\/2025\/06\/cropped-logovsp2015.jpg","contentUrl":"https:\/\/www.vagasempregosp.com.br\/wp-content\/uploads\/2025\/06\/cropped-logovsp2015.jpg","width":323,"height":90,"caption":"VagasEmpregoSP"},"image":{"@id":"https:\/\/www.vagasempregosp.com.br\/#\/schema\/logo\/image\/"}},{"@type":"Person","@id":"https:\/\/www.vagasempregosp.com.br\/#\/schema\/person\/456ec40bd3c8bc7506f4a4408e8f46d5","name":"Vagas Emprego SP","image":{"@type":"ImageObject","inLanguage":"pt-BR","@id":"https:\/\/secure.gravatar.com\/avatar\/e198f9393383244894b06db503be8cb43011f384a429c7a9f84f3f61c138a35e?s=96&d=mm&r=g","url":"https:\/\/secure.gravatar.com\/avatar\/e198f9393383244894b06db503be8cb43011f384a429c7a9f84f3f61c138a35e?s=96&d=mm&r=g","contentUrl":"https:\/\/secure.gravatar.com\/avatar\/e198f9393383244894b06db503be8cb43011f384a429c7a9f84f3f61c138a35e?s=96&d=mm&r=g","caption":"Vagas Emprego SP"},"url":"https:\/\/www.vagasempregosp.com.br\/index.php\/author\/vagasemprego\/"}]}},"_links":{"self":[{"href":"https:\/\/www.vagasempregosp.com.br\/index.php\/wp-json\/wp\/v2\/posts\/63886","targetHints":{"allow":["GET"]}}],"collection":[{"href":"https:\/\/www.vagasempregosp.com.br\/index.php\/wp-json\/wp\/v2\/posts"}],"about":[{"href":"https:\/\/www.vagasempregosp.com.br\/index.php\/wp-json\/wp\/v2\/types\/post"}],"author":[{"embeddable":true,"href":"https:\/\/www.vagasempregosp.com.br\/index.php\/wp-json\/wp\/v2\/users\/2"}],"replies":[{"embeddable":true,"href":"https:\/\/www.vagasempregosp.com.br\/index.php\/wp-json\/wp\/v2\/comments?post=63886"}],"version-history":[{"count":0,"href":"https:\/\/www.vagasempregosp.com.br\/index.php\/wp-json\/wp\/v2\/posts\/63886\/revisions"}],"wp:attachment":[{"href":"https:\/\/www.vagasempregosp.com.br\/index.php\/wp-json\/wp\/v2\/media?parent=63886"}],"wp:term":[{"taxonomy":"category","embeddable":true,"href":"https:\/\/www.vagasempregosp.com.br\/index.php\/wp-json\/wp\/v2\/categories?post=63886"},{"taxonomy":"post_tag","embeddable":true,"href":"https:\/\/www.vagasempregosp.com.br\/index.php\/wp-json\/wp\/v2\/tags?post=63886"}],"curies":[{"name":"wp","href":"https:\/\/api.w.org\/{rel}","templated":true}]}}