{"id":63884,"date":"2024-12-11T09:00:11","date_gmt":"2024-12-11T12:00:11","guid":{"rendered":"https:\/\/www.vagasempregosp.com.br\/?p=63884"},"modified":"2024-12-11T09:00:11","modified_gmt":"2024-12-11T12:00:11","slug":"tecnico-i-em-gestao-de-sala-de-aula-sao-paulo-sp","status":"publish","type":"post","link":"https:\/\/www.vagasempregosp.com.br\/index.php\/2024\/12\/11\/tecnico-i-em-gestao-de-sala-de-aula-sao-paulo-sp\/","title":{"rendered":"T\u00e9cnico I em Gest\u00e3o de Sala de Aula  &#8211; S\u00e3o Paulo &#8211; SP"},"content":{"rendered":"<p style=\"text-align: justify;\">Requisitos<br \/>\nRequisitos da vaga:<\/p>\n<ul style=\"text-align: justify;\">\n<li>Experi\u00eancia: 1 \u2013 2 anos em atividades de \u00e1udio e v\u00eddeo<\/li>\n<li>Forma\u00e7\u00e3o acad\u00eamica: T\u00e9cnico em Inform\u00e1tica e\/ou T\u00e9cnico em \u00c1udio e V\u00eddeo<\/li>\n<li>Inform\u00e1tica: MS Office (b\u00e1sico)<\/li>\n<li>Grau de Autonomia: Trabalha sob supervis\u00e3o direta.<\/li>\n<li>Desej\u00e1vel: Conhecimento nas plataformas Zoom e Teams<\/li>\n<\/ul>\n<p style=\"text-align: justify;\">Principais Responsabilidades:<\/p>\n<ul style=\"text-align: justify;\">\n<li>Executa atividades especificas sugerindo eventuais melhorias na sua \u00e1rea de atua\u00e7\u00e3o.<\/li>\n<li>Requer orienta\u00e7\u00e3o e acompanhamento cont\u00ednuo para que as atividades t\u00edpicas da sua \u00e1rea de atua\u00e7\u00e3o sejam realizadas dentro do esperado (qualidade, prazo e encadeamento com ouras atividades).<\/li>\n<\/ul>\n<p style=\"text-align: justify;\">Descri\u00e7\u00e3o e Responsabilidades:<br \/>\nMiss\u00e3o do Cargo:<\/p>\n<ul style=\"text-align: justify;\">\n<li>Manter, suportar e apoiar o funcionamento adequado dos equipamentos e recursos dispon\u00edveis nas salas de aula, audit\u00f3rio e demais ambientes que utilizam equipamentos de \u00e1udio e v\u00eddeo, visando atender os requisitos de excel\u00eancia da escola no desenvolvimento das aulas, eventos, atividades e palestras.<\/li>\n<\/ul>\n<p style=\"text-align: justify;\">Atividades:<\/p>\n<ul style=\"text-align: justify;\">\n<li>Realizar, acompanhar e vistoriar manuten\u00e7\u00f5es preventivas em todos os equipamentos e recursos audiovisuais das salas de aula, salas de reuni\u00e3o, workshops, audit\u00f3rio e demais instala\u00e7\u00f5es do pr\u00e9dio por meio de acompanhamento t\u00e9cnico, software de gest\u00e3o e padr\u00f5es de execu\u00e7\u00e3o predefinidos a fim de garantir a confiabilidade das instala\u00e7\u00f5es e minimizar paradas e custo com manuten\u00e7\u00f5es corretivas.<\/li>\n<li>Acompanhar e vistoriar as manuten\u00e7\u00f5es corretivas em todas as instala\u00e7\u00f5es f\u00edsicas, equipamentos e demais recursos por meio do atendimento \u00e0s solicita\u00e7\u00f5es de chamados ou conforme as orienta\u00e7\u00f5es das ordens de servi\u00e7o. Registrar as ocorr\u00eancias, causas, servi\u00e7os e materiais aplicados no software de manuten\u00e7\u00e3o visando efici\u00eancia das instala\u00e7\u00f5es e otimiza\u00e7\u00e3o de recursos.<\/li>\n<\/ul>\n<p style=\"text-align: justify;\">Supervis\u00e3o das instala\u00e7\u00f5es:<\/p>\n<ul style=\"text-align: justify;\">\n<li>Realizar checklist das instala\u00e7\u00f5es e recursos de \u00e1udio e v\u00eddeo, observando irregularidades e\/ou melhorias.<\/li>\n<li>Gerar o registro para que as manuten\u00e7\u00f5es corretivas sejam programadas via software de gest\u00e3o e realizadas dentro do m\u00eas.<\/li>\n<\/ul>\n<p style=\"text-align: justify;\">Acompanhamento de equipes e suporte t\u00e9cnico:<\/p>\n<ul style=\"text-align: justify;\">\n<li>Garantir o bom desempenho das aulas e eventos prestando todo suporte dos recursos de \u00e1udio e v\u00eddeo, al\u00e9m de acompanhar as equipes internas do Insper, composta pelos demais t\u00e9cnicos de manuten\u00e7\u00e3o, equipes prestadoras de servi\u00e7o que abrangem a \u00e1rea de manuten\u00e7\u00e3o predial (residente), automa\u00e7\u00e3o (residente), \u00e1udio e v\u00eddeo e outras para atividades pontuais.<\/li>\n<\/ul>\n<p style=\"text-align: justify;\">Or\u00e7amentos presta\u00e7\u00e3o de servi\u00e7o:<\/p>\n<ul style=\"text-align: justify;\">\n<li>Solicitar propostas para presta\u00e7\u00e3o de pequenos servi\u00e7os, acompanhar visita t\u00e9cnica, acompanhar a presta\u00e7\u00e3o de servi\u00e7os dos terceiros, a fim de facilitar a realiza\u00e7\u00e3o do trabalho e cuidar para que as atividades sejam feitas de acordo com os padr\u00f5es de qualidade do Insper.<\/li>\n<\/ul>\n<p style=\"text-align: justify;\">Sistema de chamados e atendimentos<\/p>\n<ul style=\"text-align: justify;\">\n<li>Acompanhar chamados e alertas junto aos sistemas de controle e supervis\u00e3o a fim de identificar prioridades e encaminhar para equipe respons\u00e1vel e\/ou prestar atendimento necess\u00e1rio.<\/li>\n<\/ul>\n<p style=\"text-align: justify;\">Jornada de Trabalho:<\/p>\n<ul style=\"text-align: justify;\">\n<li>Segunda a Sexta Feira das 13:48 \u00e0s 22:00 e S\u00e1bados alternados das 09:00 \u00e0s 18:00<\/li>\n<\/ul>\n<p id=\"vaga-beneficios\" class=\"fw-bold fs-5 ajuste-scroll-click\">Benef\u00edcios:<\/p>\n<ul>\n<li class=\"d-flex flex-row flex-wrap gap-2\"><span class=\"badge px-3 py-2 badge-outline rounded-pill text-primary mb-2\" title=\"Acesso a Biblioteca Telles\">Acesso a Biblioteca Telles + <\/span><span class=\"badge px-3 py-2 badge-outline rounded-pill text-primary mb-2\" title=\"Assist\u00eancia m\u00e9dica\">Assist\u00eancia m\u00e9dica+ <\/span><span class=\"badge px-3 py-2 badge-outline rounded-pill text-primary mb-2\" title=\"Assist\u00eancia odontol\u00f3gica\">Assist\u00eancia + odontol\u00f3gica + <\/span><span class=\"badge px-3 py-2 badge-outline rounded-pill text-primary mb-2\" title=\"Aux\u00edlio creche\">Aux\u00edlio creche + <\/span><span class=\"badge px-3 py-2 badge-outline rounded-pill text-primary mb-2\" title=\"Aux\u00edlio farm\u00e1cia\">Aux\u00edlio farm\u00e1cia + <\/span><span class=\"badge px-3 py-2 badge-outline rounded-pill text-primary mb-2\" title=\"Benef\u00edcios internos\">Benef\u00edcios internos + <\/span><span class=\"badge px-3 py-2 badge-outline rounded-pill text-primary mb-2\" title=\"Bolsa de estudos\">Bolsa de estudos + <\/span><span class=\"badge px-3 py-2 badge-outline rounded-pill text-primary mb-2\" title=\"Day off Anivers\u00e1rio\">Day off Anivers\u00e1rio + <\/span><span class=\"badge px-3 py-2 badge-outline rounded-pill text-primary mb-2\" title=\"Emendas de feriados\">Emendas de feriados +<\/span><span class=\"badge px-3 py-2 badge-outline rounded-pill text-primary mb-2\" title=\"Gest\u00e3o de Sa\u00fade \u2013 Vitta\">Gest\u00e3o de Sa\u00fade\u00a0 +Vitta <\/span><span class=\"badge px-3 py-2 badge-outline rounded-pill text-primary mb-2\" title=\"Previd\u00eancia privada\">Previd\u00eancia privada + <\/span><span class=\"badge px-3 py-2 badge-outline rounded-pill text-primary mb-2\" title=\"Seguro de Vida\">Seguro de Vida + <\/span><span class=\"badge px-3 py-2 badge-outline rounded-pill text-primary mb-2\" title=\"Vale-alimenta\u00e7\u00e3o\">Vale Alimenta\u00e7\u00e3o + <\/span><span class=\"badge px-3 py-2 badge-outline rounded-pill text-primary mb-2\" title=\"Vale-refei\u00e7\u00e3o\">Vale refei\u00e7\u00e3o + <\/span><span class=\"badge px-3 py-2 badge-outline rounded-pill text-primary mb-2\" title=\"Vale-transporte\">Vale transporte<\/span><\/li>\n<\/ul>\n<p style=\"text-align: justify;\">Cadastrar curr\u00edculo informando no assunto a vaga de interesse pelo Link<br \/>\nhttps:\/\/www.empregare.com\/pt-br\/vaga-tecnico-i-em-gestao-de-sala-de-aula_89183<\/p>\n","protected":false},"excerpt":{"rendered":"<p>Requisitos Requisitos da vaga: Experi\u00eancia: 1 \u2013 2 anos em atividades de \u00e1udio e v\u00eddeo Forma\u00e7\u00e3o acad\u00eamica: T\u00e9cnico em Inform\u00e1tica e\/ou T\u00e9cnico em \u00c1udio e [&#8230;]<\/p>\n","protected":false},"author":2,"featured_media":0,"comment_status":"closed","ping_status":"closed","sticky":false,"template":"","format":"standard","meta":{"footnotes":""},"categories":[29,119,51],"tags":[],"class_list":["post-63884","post","type-post","status-publish","format-standard","hentry","category-educacao-professor-instrutor","category-ensino-tecnico","category-informatica-ti-programador-desenvolvedor-analista-web"],"yoast_head":"<!-- This site is optimized with the Yoast SEO plugin v27.5 - https:\/\/yoast.com\/product\/yoast-seo-wordpress\/ -->\n<title>T\u00e9cnico I em Gest\u00e3o de Sala de Aula - S\u00e3o Paulo - SP - VagasEmpregoSP<\/title>\n<meta name=\"robots\" content=\"index, follow, max-snippet:-1, max-image-preview:large, max-video-preview:-1\" \/>\n<link rel=\"canonical\" href=\"https:\/\/www.vagasempregosp.com.br\/index.php\/2024\/12\/11\/tecnico-i-em-gestao-de-sala-de-aula-sao-paulo-sp\/\" \/>\n<meta property=\"og:locale\" content=\"pt_BR\" \/>\n<meta property=\"og:type\" content=\"article\" \/>\n<meta property=\"og:title\" content=\"T\u00e9cnico I em Gest\u00e3o de Sala de Aula - S\u00e3o Paulo - SP - VagasEmpregoSP\" \/>\n<meta property=\"og:description\" content=\"Requisitos Requisitos da vaga: Experi\u00eancia: 1 \u2013 2 anos em atividades de \u00e1udio e v\u00eddeo Forma\u00e7\u00e3o acad\u00eamica: T\u00e9cnico em Inform\u00e1tica e\/ou T\u00e9cnico em \u00c1udio e [...]\" \/>\n<meta property=\"og:url\" content=\"https:\/\/www.vagasempregosp.com.br\/index.php\/2024\/12\/11\/tecnico-i-em-gestao-de-sala-de-aula-sao-paulo-sp\/\" \/>\n<meta property=\"og:site_name\" content=\"VagasEmpregoSP\" \/>\n<meta property=\"article:published_time\" content=\"2024-12-11T12:00:11+00:00\" \/>\n<meta name=\"author\" content=\"Vagas Emprego SP\" \/>\n<meta name=\"twitter:card\" content=\"summary_large_image\" \/>\n<meta name=\"twitter:label1\" content=\"Escrito por\" \/>\n\t<meta name=\"twitter:data1\" content=\"Vagas Emprego SP\" \/>\n\t<meta name=\"twitter:label2\" content=\"Est. tempo de leitura\" \/>\n\t<meta name=\"twitter:data2\" content=\"3 minutos\" \/>\n<script type=\"application\/ld+json\" class=\"yoast-schema-graph\">{\"@context\":\"https:\\\/\\\/schema.org\",\"@graph\":[{\"@type\":\"Article\",\"@id\":\"https:\\\/\\\/www.vagasempregosp.com.br\\\/index.php\\\/2024\\\/12\\\/11\\\/tecnico-i-em-gestao-de-sala-de-aula-sao-paulo-sp\\\/#article\",\"isPartOf\":{\"@id\":\"https:\\\/\\\/www.vagasempregosp.com.br\\\/index.php\\\/2024\\\/12\\\/11\\\/tecnico-i-em-gestao-de-sala-de-aula-sao-paulo-sp\\\/\"},\"author\":{\"name\":\"Vagas Emprego SP\",\"@id\":\"https:\\\/\\\/www.vagasempregosp.com.br\\\/#\\\/schema\\\/person\\\/456ec40bd3c8bc7506f4a4408e8f46d5\"},\"headline\":\"T\u00e9cnico I em Gest\u00e3o de Sala de Aula &#8211; S\u00e3o Paulo &#8211; SP\",\"datePublished\":\"2024-12-11T12:00:11+00:00\",\"mainEntityOfPage\":{\"@id\":\"https:\\\/\\\/www.vagasempregosp.com.br\\\/index.php\\\/2024\\\/12\\\/11\\\/tecnico-i-em-gestao-de-sala-de-aula-sao-paulo-sp\\\/\"},\"wordCount\":590,\"publisher\":{\"@id\":\"https:\\\/\\\/www.vagasempregosp.com.br\\\/#organization\"},\"articleSection\":[\"educa\u00e7\u00e3o\",\"ensino t\u00e9cnico\",\"inform\u00e1tica \\\/ TI \\\/ Web\"],\"inLanguage\":\"pt-BR\"},{\"@type\":\"WebPage\",\"@id\":\"https:\\\/\\\/www.vagasempregosp.com.br\\\/index.php\\\/2024\\\/12\\\/11\\\/tecnico-i-em-gestao-de-sala-de-aula-sao-paulo-sp\\\/\",\"url\":\"https:\\\/\\\/www.vagasempregosp.com.br\\\/index.php\\\/2024\\\/12\\\/11\\\/tecnico-i-em-gestao-de-sala-de-aula-sao-paulo-sp\\\/\",\"name\":\"T\u00e9cnico I em Gest\u00e3o de Sala de Aula - S\u00e3o Paulo - SP - VagasEmpregoSP\",\"isPartOf\":{\"@id\":\"https:\\\/\\\/www.vagasempregosp.com.br\\\/#website\"},\"datePublished\":\"2024-12-11T12:00:11+00:00\",\"breadcrumb\":{\"@id\":\"https:\\\/\\\/www.vagasempregosp.com.br\\\/index.php\\\/2024\\\/12\\\/11\\\/tecnico-i-em-gestao-de-sala-de-aula-sao-paulo-sp\\\/#breadcrumb\"},\"inLanguage\":\"pt-BR\",\"potentialAction\":[{\"@type\":\"ReadAction\",\"target\":[\"https:\\\/\\\/www.vagasempregosp.com.br\\\/index.php\\\/2024\\\/12\\\/11\\\/tecnico-i-em-gestao-de-sala-de-aula-sao-paulo-sp\\\/\"]}]},{\"@type\":\"BreadcrumbList\",\"@id\":\"https:\\\/\\\/www.vagasempregosp.com.br\\\/index.php\\\/2024\\\/12\\\/11\\\/tecnico-i-em-gestao-de-sala-de-aula-sao-paulo-sp\\\/#breadcrumb\",\"itemListElement\":[{\"@type\":\"ListItem\",\"position\":1,\"name\":\"Home\",\"item\":\"https:\\\/\\\/www.vagasempregosp.com.br\\\/\"},{\"@type\":\"ListItem\",\"position\":2,\"name\":\"T\u00e9cnico I em Gest\u00e3o de Sala de Aula &#8211; S\u00e3o Paulo &#8211; SP\"}]},{\"@type\":\"WebSite\",\"@id\":\"https:\\\/\\\/www.vagasempregosp.com.br\\\/#website\",\"url\":\"https:\\\/\\\/www.vagasempregosp.com.br\\\/\",\"name\":\"VagasEmpregoSP\",\"description\":\"Vagas de Emprego e Est\u00e1gio em S\u00e3o Paulo\",\"publisher\":{\"@id\":\"https:\\\/\\\/www.vagasempregosp.com.br\\\/#organization\"},\"potentialAction\":[{\"@type\":\"SearchAction\",\"target\":{\"@type\":\"EntryPoint\",\"urlTemplate\":\"https:\\\/\\\/www.vagasempregosp.com.br\\\/?s={search_term_string}\"},\"query-input\":{\"@type\":\"PropertyValueSpecification\",\"valueRequired\":true,\"valueName\":\"search_term_string\"}}],\"inLanguage\":\"pt-BR\"},{\"@type\":\"Organization\",\"@id\":\"https:\\\/\\\/www.vagasempregosp.com.br\\\/#organization\",\"name\":\"VagasEmpregoSP\",\"url\":\"https:\\\/\\\/www.vagasempregosp.com.br\\\/\",\"logo\":{\"@type\":\"ImageObject\",\"inLanguage\":\"pt-BR\",\"@id\":\"https:\\\/\\\/www.vagasempregosp.com.br\\\/#\\\/schema\\\/logo\\\/image\\\/\",\"url\":\"https:\\\/\\\/www.vagasempregosp.com.br\\\/wp-content\\\/uploads\\\/2025\\\/06\\\/cropped-logovsp2015.jpg\",\"contentUrl\":\"https:\\\/\\\/www.vagasempregosp.com.br\\\/wp-content\\\/uploads\\\/2025\\\/06\\\/cropped-logovsp2015.jpg\",\"width\":323,\"height\":90,\"caption\":\"VagasEmpregoSP\"},\"image\":{\"@id\":\"https:\\\/\\\/www.vagasempregosp.com.br\\\/#\\\/schema\\\/logo\\\/image\\\/\"}},{\"@type\":\"Person\",\"@id\":\"https:\\\/\\\/www.vagasempregosp.com.br\\\/#\\\/schema\\\/person\\\/456ec40bd3c8bc7506f4a4408e8f46d5\",\"name\":\"Vagas Emprego SP\",\"image\":{\"@type\":\"ImageObject\",\"inLanguage\":\"pt-BR\",\"@id\":\"https:\\\/\\\/secure.gravatar.com\\\/avatar\\\/e198f9393383244894b06db503be8cb43011f384a429c7a9f84f3f61c138a35e?s=96&d=mm&r=g\",\"url\":\"https:\\\/\\\/secure.gravatar.com\\\/avatar\\\/e198f9393383244894b06db503be8cb43011f384a429c7a9f84f3f61c138a35e?s=96&d=mm&r=g\",\"contentUrl\":\"https:\\\/\\\/secure.gravatar.com\\\/avatar\\\/e198f9393383244894b06db503be8cb43011f384a429c7a9f84f3f61c138a35e?s=96&d=mm&r=g\",\"caption\":\"Vagas Emprego SP\"},\"url\":\"https:\\\/\\\/www.vagasempregosp.com.br\\\/index.php\\\/author\\\/vagasemprego\\\/\"}]}<\/script>\n<!-- \/ Yoast SEO plugin. -->","yoast_head_json":{"title":"T\u00e9cnico I em Gest\u00e3o de Sala de Aula - S\u00e3o Paulo - SP - VagasEmpregoSP","robots":{"index":"index","follow":"follow","max-snippet":"max-snippet:-1","max-image-preview":"max-image-preview:large","max-video-preview":"max-video-preview:-1"},"canonical":"https:\/\/www.vagasempregosp.com.br\/index.php\/2024\/12\/11\/tecnico-i-em-gestao-de-sala-de-aula-sao-paulo-sp\/","og_locale":"pt_BR","og_type":"article","og_title":"T\u00e9cnico I em Gest\u00e3o de Sala de Aula - S\u00e3o Paulo - SP - VagasEmpregoSP","og_description":"Requisitos Requisitos da vaga: Experi\u00eancia: 1 \u2013 2 anos em atividades de \u00e1udio e v\u00eddeo Forma\u00e7\u00e3o acad\u00eamica: T\u00e9cnico em Inform\u00e1tica e\/ou T\u00e9cnico em \u00c1udio e [...]","og_url":"https:\/\/www.vagasempregosp.com.br\/index.php\/2024\/12\/11\/tecnico-i-em-gestao-de-sala-de-aula-sao-paulo-sp\/","og_site_name":"VagasEmpregoSP","article_published_time":"2024-12-11T12:00:11+00:00","author":"Vagas Emprego SP","twitter_card":"summary_large_image","twitter_misc":{"Escrito por":"Vagas Emprego SP","Est. tempo de leitura":"3 minutos"},"schema":{"@context":"https:\/\/schema.org","@graph":[{"@type":"Article","@id":"https:\/\/www.vagasempregosp.com.br\/index.php\/2024\/12\/11\/tecnico-i-em-gestao-de-sala-de-aula-sao-paulo-sp\/#article","isPartOf":{"@id":"https:\/\/www.vagasempregosp.com.br\/index.php\/2024\/12\/11\/tecnico-i-em-gestao-de-sala-de-aula-sao-paulo-sp\/"},"author":{"name":"Vagas Emprego SP","@id":"https:\/\/www.vagasempregosp.com.br\/#\/schema\/person\/456ec40bd3c8bc7506f4a4408e8f46d5"},"headline":"T\u00e9cnico I em Gest\u00e3o de Sala de Aula &#8211; S\u00e3o Paulo &#8211; SP","datePublished":"2024-12-11T12:00:11+00:00","mainEntityOfPage":{"@id":"https:\/\/www.vagasempregosp.com.br\/index.php\/2024\/12\/11\/tecnico-i-em-gestao-de-sala-de-aula-sao-paulo-sp\/"},"wordCount":590,"publisher":{"@id":"https:\/\/www.vagasempregosp.com.br\/#organization"},"articleSection":["educa\u00e7\u00e3o","ensino t\u00e9cnico","inform\u00e1tica \/ TI \/ Web"],"inLanguage":"pt-BR"},{"@type":"WebPage","@id":"https:\/\/www.vagasempregosp.com.br\/index.php\/2024\/12\/11\/tecnico-i-em-gestao-de-sala-de-aula-sao-paulo-sp\/","url":"https:\/\/www.vagasempregosp.com.br\/index.php\/2024\/12\/11\/tecnico-i-em-gestao-de-sala-de-aula-sao-paulo-sp\/","name":"T\u00e9cnico I em Gest\u00e3o de Sala de Aula - S\u00e3o Paulo - SP - VagasEmpregoSP","isPartOf":{"@id":"https:\/\/www.vagasempregosp.com.br\/#website"},"datePublished":"2024-12-11T12:00:11+00:00","breadcrumb":{"@id":"https:\/\/www.vagasempregosp.com.br\/index.php\/2024\/12\/11\/tecnico-i-em-gestao-de-sala-de-aula-sao-paulo-sp\/#breadcrumb"},"inLanguage":"pt-BR","potentialAction":[{"@type":"ReadAction","target":["https:\/\/www.vagasempregosp.com.br\/index.php\/2024\/12\/11\/tecnico-i-em-gestao-de-sala-de-aula-sao-paulo-sp\/"]}]},{"@type":"BreadcrumbList","@id":"https:\/\/www.vagasempregosp.com.br\/index.php\/2024\/12\/11\/tecnico-i-em-gestao-de-sala-de-aula-sao-paulo-sp\/#breadcrumb","itemListElement":[{"@type":"ListItem","position":1,"name":"Home","item":"https:\/\/www.vagasempregosp.com.br\/"},{"@type":"ListItem","position":2,"name":"T\u00e9cnico I em Gest\u00e3o de Sala de Aula &#8211; S\u00e3o Paulo &#8211; SP"}]},{"@type":"WebSite","@id":"https:\/\/www.vagasempregosp.com.br\/#website","url":"https:\/\/www.vagasempregosp.com.br\/","name":"VagasEmpregoSP","description":"Vagas de Emprego e Est\u00e1gio em S\u00e3o Paulo","publisher":{"@id":"https:\/\/www.vagasempregosp.com.br\/#organization"},"potentialAction":[{"@type":"SearchAction","target":{"@type":"EntryPoint","urlTemplate":"https:\/\/www.vagasempregosp.com.br\/?s={search_term_string}"},"query-input":{"@type":"PropertyValueSpecification","valueRequired":true,"valueName":"search_term_string"}}],"inLanguage":"pt-BR"},{"@type":"Organization","@id":"https:\/\/www.vagasempregosp.com.br\/#organization","name":"VagasEmpregoSP","url":"https:\/\/www.vagasempregosp.com.br\/","logo":{"@type":"ImageObject","inLanguage":"pt-BR","@id":"https:\/\/www.vagasempregosp.com.br\/#\/schema\/logo\/image\/","url":"https:\/\/www.vagasempregosp.com.br\/wp-content\/uploads\/2025\/06\/cropped-logovsp2015.jpg","contentUrl":"https:\/\/www.vagasempregosp.com.br\/wp-content\/uploads\/2025\/06\/cropped-logovsp2015.jpg","width":323,"height":90,"caption":"VagasEmpregoSP"},"image":{"@id":"https:\/\/www.vagasempregosp.com.br\/#\/schema\/logo\/image\/"}},{"@type":"Person","@id":"https:\/\/www.vagasempregosp.com.br\/#\/schema\/person\/456ec40bd3c8bc7506f4a4408e8f46d5","name":"Vagas Emprego SP","image":{"@type":"ImageObject","inLanguage":"pt-BR","@id":"https:\/\/secure.gravatar.com\/avatar\/e198f9393383244894b06db503be8cb43011f384a429c7a9f84f3f61c138a35e?s=96&d=mm&r=g","url":"https:\/\/secure.gravatar.com\/avatar\/e198f9393383244894b06db503be8cb43011f384a429c7a9f84f3f61c138a35e?s=96&d=mm&r=g","contentUrl":"https:\/\/secure.gravatar.com\/avatar\/e198f9393383244894b06db503be8cb43011f384a429c7a9f84f3f61c138a35e?s=96&d=mm&r=g","caption":"Vagas Emprego SP"},"url":"https:\/\/www.vagasempregosp.com.br\/index.php\/author\/vagasemprego\/"}]}},"_links":{"self":[{"href":"https:\/\/www.vagasempregosp.com.br\/index.php\/wp-json\/wp\/v2\/posts\/63884","targetHints":{"allow":["GET"]}}],"collection":[{"href":"https:\/\/www.vagasempregosp.com.br\/index.php\/wp-json\/wp\/v2\/posts"}],"about":[{"href":"https:\/\/www.vagasempregosp.com.br\/index.php\/wp-json\/wp\/v2\/types\/post"}],"author":[{"embeddable":true,"href":"https:\/\/www.vagasempregosp.com.br\/index.php\/wp-json\/wp\/v2\/users\/2"}],"replies":[{"embeddable":true,"href":"https:\/\/www.vagasempregosp.com.br\/index.php\/wp-json\/wp\/v2\/comments?post=63884"}],"version-history":[{"count":0,"href":"https:\/\/www.vagasempregosp.com.br\/index.php\/wp-json\/wp\/v2\/posts\/63884\/revisions"}],"wp:attachment":[{"href":"https:\/\/www.vagasempregosp.com.br\/index.php\/wp-json\/wp\/v2\/media?parent=63884"}],"wp:term":[{"taxonomy":"category","embeddable":true,"href":"https:\/\/www.vagasempregosp.com.br\/index.php\/wp-json\/wp\/v2\/categories?post=63884"},{"taxonomy":"post_tag","embeddable":true,"href":"https:\/\/www.vagasempregosp.com.br\/index.php\/wp-json\/wp\/v2\/tags?post=63884"}],"curies":[{"name":"wp","href":"https:\/\/api.w.org\/{rel}","templated":true}]}}