{"id":63278,"date":"2024-04-08T09:00:40","date_gmt":"2024-04-08T12:00:40","guid":{"rendered":"https:\/\/www.vagasempregosp.com.br\/?p=63278"},"modified":"2024-04-08T09:00:40","modified_gmt":"2024-04-08T12:00:40","slug":"vendedor-interno-e-commerce-de-itens-de-couro-sao-paulo-sp","status":"publish","type":"post","link":"https:\/\/www.vagasempregosp.com.br\/index.php\/2024\/04\/08\/vendedor-interno-e-commerce-de-itens-de-couro-sao-paulo-sp\/","title":{"rendered":"Vendedor Interno &#8211; E-commerce de Itens de Couro &#8211; S\u00e3o Paulo &#8211; SP"},"content":{"rendered":"<p style=\"text-align: justify;\">Atribui\u00e7\u00f5es:<\/p>\n<ul style=\"text-align: justify;\">\n<li>\u00a0Gerenciar e responder a consultas de clientes nos grupos do WhatsApp com efici\u00eancia e gentileza, fornecendo informa\u00e7\u00f5es detalhadas sobre produtos e servi\u00e7os.<\/li>\n<li>\u00a0Processar pedidos de clientes, desde a entrada at\u00e9 o despacho, garantindo uma experi\u00eancia de compra sem falhas.<\/li>\n<li>\u00a0Manter e atualizar o banco de dados de clientes, garantindo a precis\u00e3o das informa\u00e7\u00f5es.<\/li>\n<li>\u00a0Contribuir para a equipe de e-commerce com ideias inovadoras para melhorar a experi\u00eancia do cliente online.<\/li>\n<li>\u00a0Atender e sanar d\u00favidas das clientes e fechar vendas.<\/li>\n<li>\u00a0Monitorar feedback dos clientes e avalia\u00e7\u00f5es dos produtos para identificar \u00e1reas de melhoria.<\/li>\n<\/ul>\n<p style=\"text-align: justify;\">Requisitos:<\/p>\n<ul style=\"text-align: justify;\">\n<li>\u00a0Experi\u00eancia pr\u00e9via em vendas ou atendimento ao cliente, preferencialmente em um ambiente de e-commerce.<\/li>\n<li>\u00a0Habilidade de comunica\u00e7\u00e3o verbal e escrita, com \u00eanfase na cortesia e efici\u00eancia no atendimento ao cliente.<\/li>\n<li>\u00a0Familiaridade com rotinas internas de e-commerce, incluindo processamento e despacho de pedidos (desej\u00e1vel).<\/li>\n<li>\u00a0Capacidade de trabalhar de forma independente com m\u00ednima supervis\u00e3o, mostrando iniciativa para resolver problemas e melhorar processos.<\/li>\n<li>\u00a0Excelente capacidade organizacional e aten\u00e7\u00e3o aos detalhes.<\/li>\n<li>\u00a0Disponibilidade para trabalhar em hor\u00e1rios flex\u00edveis, conforme necess\u00e1rio.<\/li>\n<\/ul>\n<p style=\"text-align: justify;\">Jornada de Trabalho:<\/p>\n<ul style=\"text-align: justify;\">\n<li>H\u00edbrido (3x semana presencial) \/ Pr\u00f3ximo \u00e0 esta\u00e7\u00e3o Barra Funda \/ SP &#8211; SP<\/li>\n<\/ul>\n<p style=\"text-align: justify;\">Sal\u00e1rio:<\/p>\n<ul style=\"text-align: justify;\">\n<li>R$ 2.000,00<\/li>\n<\/ul>\n<p style=\"text-align: justify;\">Observa\u00e7\u00f5es:<br \/>\nPJ<\/p>\n<p style=\"text-align: justify;\">Enviar curr\u00edculo informando a vaga pretendida para <a href=\"mailto:quadrodevestir@gmail.com\" target=\"_blank\" rel=\"noopener\">quadrodevestir@gmail.com<\/a><\/p>\n","protected":false},"excerpt":{"rendered":"<p>Atribui\u00e7\u00f5es: \u00a0Gerenciar e responder a consultas de clientes nos grupos do WhatsApp com efici\u00eancia e gentileza, fornecendo informa\u00e7\u00f5es detalhadas sobre produtos e servi\u00e7os. \u00a0Processar pedidos [&#8230;]<\/p>\n","protected":false},"author":2,"featured_media":0,"comment_status":"closed","ping_status":"closed","sticky":false,"template":"","format":"standard","meta":{"footnotes":""},"categories":[12],"tags":[],"class_list":["post-63278","post","type-post","status-publish","format-standard","hentry","category-vendedor-comercial"],"yoast_head":"<!-- This site is optimized with the Yoast SEO plugin v27.5 - https:\/\/yoast.com\/product\/yoast-seo-wordpress\/ -->\n<title>Vendedor Interno - E-commerce de Itens de Couro - S\u00e3o Paulo - SP - VagasEmpregoSP<\/title>\n<meta name=\"robots\" content=\"index, follow, max-snippet:-1, max-image-preview:large, max-video-preview:-1\" \/>\n<link rel=\"canonical\" href=\"https:\/\/www.vagasempregosp.com.br\/index.php\/2024\/04\/08\/vendedor-interno-e-commerce-de-itens-de-couro-sao-paulo-sp\/\" \/>\n<meta property=\"og:locale\" content=\"pt_BR\" \/>\n<meta property=\"og:type\" content=\"article\" \/>\n<meta property=\"og:title\" content=\"Vendedor Interno - E-commerce de Itens de Couro - S\u00e3o Paulo - SP - VagasEmpregoSP\" \/>\n<meta property=\"og:description\" content=\"Atribui\u00e7\u00f5es: \u00a0Gerenciar e responder a consultas de clientes nos grupos do WhatsApp com efici\u00eancia e gentileza, fornecendo informa\u00e7\u00f5es detalhadas sobre produtos e servi\u00e7os. \u00a0Processar pedidos [...]\" \/>\n<meta property=\"og:url\" content=\"https:\/\/www.vagasempregosp.com.br\/index.php\/2024\/04\/08\/vendedor-interno-e-commerce-de-itens-de-couro-sao-paulo-sp\/\" \/>\n<meta property=\"og:site_name\" content=\"VagasEmpregoSP\" \/>\n<meta property=\"article:published_time\" content=\"2024-04-08T12:00:40+00:00\" \/>\n<meta name=\"author\" content=\"Vagas Emprego SP\" \/>\n<meta name=\"twitter:card\" content=\"summary_large_image\" \/>\n<meta name=\"twitter:label1\" content=\"Escrito por\" \/>\n\t<meta name=\"twitter:data1\" content=\"Vagas Emprego SP\" \/>\n\t<meta name=\"twitter:label2\" content=\"Est. tempo de leitura\" \/>\n\t<meta name=\"twitter:data2\" content=\"1 minuto\" \/>\n<script type=\"application\/ld+json\" class=\"yoast-schema-graph\">{\"@context\":\"https:\\\/\\\/schema.org\",\"@graph\":[{\"@type\":\"Article\",\"@id\":\"https:\\\/\\\/www.vagasempregosp.com.br\\\/index.php\\\/2024\\\/04\\\/08\\\/vendedor-interno-e-commerce-de-itens-de-couro-sao-paulo-sp\\\/#article\",\"isPartOf\":{\"@id\":\"https:\\\/\\\/www.vagasempregosp.com.br\\\/index.php\\\/2024\\\/04\\\/08\\\/vendedor-interno-e-commerce-de-itens-de-couro-sao-paulo-sp\\\/\"},\"author\":{\"name\":\"Vagas Emprego SP\",\"@id\":\"https:\\\/\\\/www.vagasempregosp.com.br\\\/#\\\/schema\\\/person\\\/456ec40bd3c8bc7506f4a4408e8f46d5\"},\"headline\":\"Vendedor Interno &#8211; E-commerce de Itens de Couro &#8211; S\u00e3o Paulo &#8211; SP\",\"datePublished\":\"2024-04-08T12:00:40+00:00\",\"mainEntityOfPage\":{\"@id\":\"https:\\\/\\\/www.vagasempregosp.com.br\\\/index.php\\\/2024\\\/04\\\/08\\\/vendedor-interno-e-commerce-de-itens-de-couro-sao-paulo-sp\\\/\"},\"wordCount\":237,\"publisher\":{\"@id\":\"https:\\\/\\\/www.vagasempregosp.com.br\\\/#organization\"},\"articleSection\":[\"comercial \\\/ vendas\"],\"inLanguage\":\"pt-BR\"},{\"@type\":\"WebPage\",\"@id\":\"https:\\\/\\\/www.vagasempregosp.com.br\\\/index.php\\\/2024\\\/04\\\/08\\\/vendedor-interno-e-commerce-de-itens-de-couro-sao-paulo-sp\\\/\",\"url\":\"https:\\\/\\\/www.vagasempregosp.com.br\\\/index.php\\\/2024\\\/04\\\/08\\\/vendedor-interno-e-commerce-de-itens-de-couro-sao-paulo-sp\\\/\",\"name\":\"Vendedor Interno - E-commerce de Itens de Couro - S\u00e3o Paulo - SP - VagasEmpregoSP\",\"isPartOf\":{\"@id\":\"https:\\\/\\\/www.vagasempregosp.com.br\\\/#website\"},\"datePublished\":\"2024-04-08T12:00:40+00:00\",\"breadcrumb\":{\"@id\":\"https:\\\/\\\/www.vagasempregosp.com.br\\\/index.php\\\/2024\\\/04\\\/08\\\/vendedor-interno-e-commerce-de-itens-de-couro-sao-paulo-sp\\\/#breadcrumb\"},\"inLanguage\":\"pt-BR\",\"potentialAction\":[{\"@type\":\"ReadAction\",\"target\":[\"https:\\\/\\\/www.vagasempregosp.com.br\\\/index.php\\\/2024\\\/04\\\/08\\\/vendedor-interno-e-commerce-de-itens-de-couro-sao-paulo-sp\\\/\"]}]},{\"@type\":\"BreadcrumbList\",\"@id\":\"https:\\\/\\\/www.vagasempregosp.com.br\\\/index.php\\\/2024\\\/04\\\/08\\\/vendedor-interno-e-commerce-de-itens-de-couro-sao-paulo-sp\\\/#breadcrumb\",\"itemListElement\":[{\"@type\":\"ListItem\",\"position\":1,\"name\":\"Home\",\"item\":\"https:\\\/\\\/www.vagasempregosp.com.br\\\/\"},{\"@type\":\"ListItem\",\"position\":2,\"name\":\"Vendedor Interno &#8211; E-commerce de Itens de Couro &#8211; S\u00e3o Paulo &#8211; SP\"}]},{\"@type\":\"WebSite\",\"@id\":\"https:\\\/\\\/www.vagasempregosp.com.br\\\/#website\",\"url\":\"https:\\\/\\\/www.vagasempregosp.com.br\\\/\",\"name\":\"VagasEmpregoSP\",\"description\":\"Vagas de Emprego e Est\u00e1gio em S\u00e3o Paulo\",\"publisher\":{\"@id\":\"https:\\\/\\\/www.vagasempregosp.com.br\\\/#organization\"},\"potentialAction\":[{\"@type\":\"SearchAction\",\"target\":{\"@type\":\"EntryPoint\",\"urlTemplate\":\"https:\\\/\\\/www.vagasempregosp.com.br\\\/?s={search_term_string}\"},\"query-input\":{\"@type\":\"PropertyValueSpecification\",\"valueRequired\":true,\"valueName\":\"search_term_string\"}}],\"inLanguage\":\"pt-BR\"},{\"@type\":\"Organization\",\"@id\":\"https:\\\/\\\/www.vagasempregosp.com.br\\\/#organization\",\"name\":\"VagasEmpregoSP\",\"url\":\"https:\\\/\\\/www.vagasempregosp.com.br\\\/\",\"logo\":{\"@type\":\"ImageObject\",\"inLanguage\":\"pt-BR\",\"@id\":\"https:\\\/\\\/www.vagasempregosp.com.br\\\/#\\\/schema\\\/logo\\\/image\\\/\",\"url\":\"https:\\\/\\\/www.vagasempregosp.com.br\\\/wp-content\\\/uploads\\\/2025\\\/06\\\/cropped-logovsp2015.jpg\",\"contentUrl\":\"https:\\\/\\\/www.vagasempregosp.com.br\\\/wp-content\\\/uploads\\\/2025\\\/06\\\/cropped-logovsp2015.jpg\",\"width\":323,\"height\":90,\"caption\":\"VagasEmpregoSP\"},\"image\":{\"@id\":\"https:\\\/\\\/www.vagasempregosp.com.br\\\/#\\\/schema\\\/logo\\\/image\\\/\"}},{\"@type\":\"Person\",\"@id\":\"https:\\\/\\\/www.vagasempregosp.com.br\\\/#\\\/schema\\\/person\\\/456ec40bd3c8bc7506f4a4408e8f46d5\",\"name\":\"Vagas Emprego SP\",\"image\":{\"@type\":\"ImageObject\",\"inLanguage\":\"pt-BR\",\"@id\":\"https:\\\/\\\/secure.gravatar.com\\\/avatar\\\/e198f9393383244894b06db503be8cb43011f384a429c7a9f84f3f61c138a35e?s=96&d=mm&r=g\",\"url\":\"https:\\\/\\\/secure.gravatar.com\\\/avatar\\\/e198f9393383244894b06db503be8cb43011f384a429c7a9f84f3f61c138a35e?s=96&d=mm&r=g\",\"contentUrl\":\"https:\\\/\\\/secure.gravatar.com\\\/avatar\\\/e198f9393383244894b06db503be8cb43011f384a429c7a9f84f3f61c138a35e?s=96&d=mm&r=g\",\"caption\":\"Vagas Emprego SP\"},\"url\":\"https:\\\/\\\/www.vagasempregosp.com.br\\\/index.php\\\/author\\\/vagasemprego\\\/\"}]}<\/script>\n<!-- \/ Yoast SEO plugin. -->","yoast_head_json":{"title":"Vendedor Interno - E-commerce de Itens de Couro - S\u00e3o Paulo - SP - VagasEmpregoSP","robots":{"index":"index","follow":"follow","max-snippet":"max-snippet:-1","max-image-preview":"max-image-preview:large","max-video-preview":"max-video-preview:-1"},"canonical":"https:\/\/www.vagasempregosp.com.br\/index.php\/2024\/04\/08\/vendedor-interno-e-commerce-de-itens-de-couro-sao-paulo-sp\/","og_locale":"pt_BR","og_type":"article","og_title":"Vendedor Interno - E-commerce de Itens de Couro - S\u00e3o Paulo - SP - VagasEmpregoSP","og_description":"Atribui\u00e7\u00f5es: \u00a0Gerenciar e responder a consultas de clientes nos grupos do WhatsApp com efici\u00eancia e gentileza, fornecendo informa\u00e7\u00f5es detalhadas sobre produtos e servi\u00e7os. \u00a0Processar pedidos [...]","og_url":"https:\/\/www.vagasempregosp.com.br\/index.php\/2024\/04\/08\/vendedor-interno-e-commerce-de-itens-de-couro-sao-paulo-sp\/","og_site_name":"VagasEmpregoSP","article_published_time":"2024-04-08T12:00:40+00:00","author":"Vagas Emprego SP","twitter_card":"summary_large_image","twitter_misc":{"Escrito por":"Vagas Emprego SP","Est. tempo de leitura":"1 minuto"},"schema":{"@context":"https:\/\/schema.org","@graph":[{"@type":"Article","@id":"https:\/\/www.vagasempregosp.com.br\/index.php\/2024\/04\/08\/vendedor-interno-e-commerce-de-itens-de-couro-sao-paulo-sp\/#article","isPartOf":{"@id":"https:\/\/www.vagasempregosp.com.br\/index.php\/2024\/04\/08\/vendedor-interno-e-commerce-de-itens-de-couro-sao-paulo-sp\/"},"author":{"name":"Vagas Emprego SP","@id":"https:\/\/www.vagasempregosp.com.br\/#\/schema\/person\/456ec40bd3c8bc7506f4a4408e8f46d5"},"headline":"Vendedor Interno &#8211; E-commerce de Itens de Couro &#8211; S\u00e3o Paulo &#8211; SP","datePublished":"2024-04-08T12:00:40+00:00","mainEntityOfPage":{"@id":"https:\/\/www.vagasempregosp.com.br\/index.php\/2024\/04\/08\/vendedor-interno-e-commerce-de-itens-de-couro-sao-paulo-sp\/"},"wordCount":237,"publisher":{"@id":"https:\/\/www.vagasempregosp.com.br\/#organization"},"articleSection":["comercial \/ vendas"],"inLanguage":"pt-BR"},{"@type":"WebPage","@id":"https:\/\/www.vagasempregosp.com.br\/index.php\/2024\/04\/08\/vendedor-interno-e-commerce-de-itens-de-couro-sao-paulo-sp\/","url":"https:\/\/www.vagasempregosp.com.br\/index.php\/2024\/04\/08\/vendedor-interno-e-commerce-de-itens-de-couro-sao-paulo-sp\/","name":"Vendedor Interno - E-commerce de Itens de Couro - S\u00e3o Paulo - SP - VagasEmpregoSP","isPartOf":{"@id":"https:\/\/www.vagasempregosp.com.br\/#website"},"datePublished":"2024-04-08T12:00:40+00:00","breadcrumb":{"@id":"https:\/\/www.vagasempregosp.com.br\/index.php\/2024\/04\/08\/vendedor-interno-e-commerce-de-itens-de-couro-sao-paulo-sp\/#breadcrumb"},"inLanguage":"pt-BR","potentialAction":[{"@type":"ReadAction","target":["https:\/\/www.vagasempregosp.com.br\/index.php\/2024\/04\/08\/vendedor-interno-e-commerce-de-itens-de-couro-sao-paulo-sp\/"]}]},{"@type":"BreadcrumbList","@id":"https:\/\/www.vagasempregosp.com.br\/index.php\/2024\/04\/08\/vendedor-interno-e-commerce-de-itens-de-couro-sao-paulo-sp\/#breadcrumb","itemListElement":[{"@type":"ListItem","position":1,"name":"Home","item":"https:\/\/www.vagasempregosp.com.br\/"},{"@type":"ListItem","position":2,"name":"Vendedor Interno &#8211; E-commerce de Itens de Couro &#8211; S\u00e3o Paulo &#8211; SP"}]},{"@type":"WebSite","@id":"https:\/\/www.vagasempregosp.com.br\/#website","url":"https:\/\/www.vagasempregosp.com.br\/","name":"VagasEmpregoSP","description":"Vagas de Emprego e Est\u00e1gio em S\u00e3o Paulo","publisher":{"@id":"https:\/\/www.vagasempregosp.com.br\/#organization"},"potentialAction":[{"@type":"SearchAction","target":{"@type":"EntryPoint","urlTemplate":"https:\/\/www.vagasempregosp.com.br\/?s={search_term_string}"},"query-input":{"@type":"PropertyValueSpecification","valueRequired":true,"valueName":"search_term_string"}}],"inLanguage":"pt-BR"},{"@type":"Organization","@id":"https:\/\/www.vagasempregosp.com.br\/#organization","name":"VagasEmpregoSP","url":"https:\/\/www.vagasempregosp.com.br\/","logo":{"@type":"ImageObject","inLanguage":"pt-BR","@id":"https:\/\/www.vagasempregosp.com.br\/#\/schema\/logo\/image\/","url":"https:\/\/www.vagasempregosp.com.br\/wp-content\/uploads\/2025\/06\/cropped-logovsp2015.jpg","contentUrl":"https:\/\/www.vagasempregosp.com.br\/wp-content\/uploads\/2025\/06\/cropped-logovsp2015.jpg","width":323,"height":90,"caption":"VagasEmpregoSP"},"image":{"@id":"https:\/\/www.vagasempregosp.com.br\/#\/schema\/logo\/image\/"}},{"@type":"Person","@id":"https:\/\/www.vagasempregosp.com.br\/#\/schema\/person\/456ec40bd3c8bc7506f4a4408e8f46d5","name":"Vagas Emprego SP","image":{"@type":"ImageObject","inLanguage":"pt-BR","@id":"https:\/\/secure.gravatar.com\/avatar\/e198f9393383244894b06db503be8cb43011f384a429c7a9f84f3f61c138a35e?s=96&d=mm&r=g","url":"https:\/\/secure.gravatar.com\/avatar\/e198f9393383244894b06db503be8cb43011f384a429c7a9f84f3f61c138a35e?s=96&d=mm&r=g","contentUrl":"https:\/\/secure.gravatar.com\/avatar\/e198f9393383244894b06db503be8cb43011f384a429c7a9f84f3f61c138a35e?s=96&d=mm&r=g","caption":"Vagas Emprego SP"},"url":"https:\/\/www.vagasempregosp.com.br\/index.php\/author\/vagasemprego\/"}]}},"_links":{"self":[{"href":"https:\/\/www.vagasempregosp.com.br\/index.php\/wp-json\/wp\/v2\/posts\/63278","targetHints":{"allow":["GET"]}}],"collection":[{"href":"https:\/\/www.vagasempregosp.com.br\/index.php\/wp-json\/wp\/v2\/posts"}],"about":[{"href":"https:\/\/www.vagasempregosp.com.br\/index.php\/wp-json\/wp\/v2\/types\/post"}],"author":[{"embeddable":true,"href":"https:\/\/www.vagasempregosp.com.br\/index.php\/wp-json\/wp\/v2\/users\/2"}],"replies":[{"embeddable":true,"href":"https:\/\/www.vagasempregosp.com.br\/index.php\/wp-json\/wp\/v2\/comments?post=63278"}],"version-history":[{"count":0,"href":"https:\/\/www.vagasempregosp.com.br\/index.php\/wp-json\/wp\/v2\/posts\/63278\/revisions"}],"wp:attachment":[{"href":"https:\/\/www.vagasempregosp.com.br\/index.php\/wp-json\/wp\/v2\/media?parent=63278"}],"wp:term":[{"taxonomy":"category","embeddable":true,"href":"https:\/\/www.vagasempregosp.com.br\/index.php\/wp-json\/wp\/v2\/categories?post=63278"},{"taxonomy":"post_tag","embeddable":true,"href":"https:\/\/www.vagasempregosp.com.br\/index.php\/wp-json\/wp\/v2\/tags?post=63278"}],"curies":[{"name":"wp","href":"https:\/\/api.w.org\/{rel}","templated":true}]}}