{"id":63154,"date":"2024-01-25T14:00:07","date_gmt":"2024-01-25T17:00:07","guid":{"rendered":"https:\/\/www.vagasempregosp.com.br\/?p=63154"},"modified":"2024-01-25T14:00:07","modified_gmt":"2024-01-25T17:00:07","slug":"gestor-de-trafego-jundiai-sp","status":"publish","type":"post","link":"https:\/\/www.vagasempregosp.com.br\/index.php\/2024\/01\/25\/gestor-de-trafego-jundiai-sp\/","title":{"rendered":"Gestor de Tr\u00e1fego &#8211; Jundia\u00ed &#8211; SP"},"content":{"rendered":"<p style=\"text-align: justify;\">Atribui\u00e7\u00f5es:<\/p>\n<ul style=\"text-align: justify;\">\n<li>Sobre a empresa: Somos uma Assessoria de Marketing que potencializa processos de vendas pela internet, com foco absoluto em gerar resultados para os nossos clientes. Com dezenas de escrit\u00f3rios pelo pa\u00eds, buscamos profissionais \u00e1vidos por crescimento, que queiram crescer junto com a gente!<\/li>\n<\/ul>\n<p style=\"text-align: justify;\">Atividades:<\/p>\n<ul style=\"text-align: justify;\">\n<li>Desenvolver o planejamento, cria\u00e7\u00e3o e otimiza\u00e7\u00e3o de campanhas de M\u00eddia Paga (Google Ads, Social Ads, etc.); analisar e acompanhar as campanhas de m\u00eddia, fazendo a gest\u00e3o das contas de an\u00fancios e procurando oportunidades de melhoria; An\u00e1lise do desempenho das campanhas e o impacto nas estrat\u00e9gias de marketing;<\/li>\n<li>Cria\u00e7\u00e3o de relat\u00f3rios ou Dashboards para mensura\u00e7\u00e3o de resultados; Demais fun\u00e7\u00f5es do cargo; Contato e acompanhamento constantes com o cliente.<\/li>\n<\/ul>\n<p style=\"text-align: justify;\">Requisitos:<\/p>\n<ul style=\"text-align: justify;\">\n<li>Conhecimentos em marketing digital;<\/li>\n<li>Experi\u00eancia anterior na fun\u00e7\u00e3o.<\/li>\n<\/ul>\n<p style=\"text-align: justify;\">Jornada de Trabalho:<\/p>\n<ul style=\"text-align: justify;\">\n<li>Hor\u00e1rio comercial de segunda \u00e0 sexta<\/li>\n<\/ul>\n<p style=\"text-align: justify;\">\u00a0Remunera\u00e7\u00e3o:<\/p>\n<ul style=\"text-align: justify;\">\n<li>Negoci\u00e1vel + Plano de Carreira (PJ)<\/li>\n<\/ul>\n<p style=\"text-align: justify;\">Enviar curr\u00edculo informando a vaga pretendida para <a href=\"mailto:cvsalvador@rhf.com.br\">cvsalvador@rhf.com.br<\/a><\/p>\n","protected":false},"excerpt":{"rendered":"<p>Atribui\u00e7\u00f5es: Sobre a empresa: Somos uma Assessoria de Marketing que potencializa processos de vendas pela internet, com foco absoluto em gerar resultados para os nossos [&#8230;]<\/p>\n","protected":false},"author":2,"featured_media":0,"comment_status":"closed","ping_status":"closed","sticky":false,"template":"","format":"standard","meta":{"footnotes":""},"categories":[51,68],"tags":[],"class_list":["post-63154","post","type-post","status-publish","format-standard","hentry","category-informatica-ti-programador-desenvolvedor-analista-web","category-midias-sociais"],"yoast_head":"<!-- This site is optimized with the Yoast SEO plugin v27.5 - https:\/\/yoast.com\/product\/yoast-seo-wordpress\/ -->\n<title>Gestor de Tr\u00e1fego - Jundia\u00ed - SP - VagasEmpregoSP<\/title>\n<meta name=\"robots\" content=\"index, follow, max-snippet:-1, max-image-preview:large, max-video-preview:-1\" \/>\n<link rel=\"canonical\" href=\"https:\/\/www.vagasempregosp.com.br\/index.php\/2024\/01\/25\/gestor-de-trafego-jundiai-sp\/\" \/>\n<meta property=\"og:locale\" content=\"pt_BR\" \/>\n<meta property=\"og:type\" content=\"article\" \/>\n<meta property=\"og:title\" content=\"Gestor de Tr\u00e1fego - Jundia\u00ed - SP - VagasEmpregoSP\" \/>\n<meta property=\"og:description\" content=\"Atribui\u00e7\u00f5es: Sobre a empresa: Somos uma Assessoria de Marketing que potencializa processos de vendas pela internet, com foco absoluto em gerar resultados para os nossos [...]\" \/>\n<meta property=\"og:url\" content=\"https:\/\/www.vagasempregosp.com.br\/index.php\/2024\/01\/25\/gestor-de-trafego-jundiai-sp\/\" \/>\n<meta property=\"og:site_name\" content=\"VagasEmpregoSP\" \/>\n<meta property=\"article:published_time\" content=\"2024-01-25T17:00:07+00:00\" \/>\n<meta name=\"author\" content=\"Vagas Emprego SP\" \/>\n<meta name=\"twitter:card\" content=\"summary_large_image\" \/>\n<meta name=\"twitter:label1\" content=\"Escrito por\" \/>\n\t<meta name=\"twitter:data1\" content=\"Vagas Emprego SP\" \/>\n\t<meta name=\"twitter:label2\" content=\"Est. tempo de leitura\" \/>\n\t<meta name=\"twitter:data2\" content=\"1 minuto\" \/>\n<script type=\"application\/ld+json\" class=\"yoast-schema-graph\">{\"@context\":\"https:\\\/\\\/schema.org\",\"@graph\":[{\"@type\":\"Article\",\"@id\":\"https:\\\/\\\/www.vagasempregosp.com.br\\\/index.php\\\/2024\\\/01\\\/25\\\/gestor-de-trafego-jundiai-sp\\\/#article\",\"isPartOf\":{\"@id\":\"https:\\\/\\\/www.vagasempregosp.com.br\\\/index.php\\\/2024\\\/01\\\/25\\\/gestor-de-trafego-jundiai-sp\\\/\"},\"author\":{\"name\":\"Vagas Emprego SP\",\"@id\":\"https:\\\/\\\/www.vagasempregosp.com.br\\\/#\\\/schema\\\/person\\\/456ec40bd3c8bc7506f4a4408e8f46d5\"},\"headline\":\"Gestor de Tr\u00e1fego &#8211; Jundia\u00ed &#8211; SP\",\"datePublished\":\"2024-01-25T17:00:07+00:00\",\"mainEntityOfPage\":{\"@id\":\"https:\\\/\\\/www.vagasempregosp.com.br\\\/index.php\\\/2024\\\/01\\\/25\\\/gestor-de-trafego-jundiai-sp\\\/\"},\"wordCount\":175,\"publisher\":{\"@id\":\"https:\\\/\\\/www.vagasempregosp.com.br\\\/#organization\"},\"articleSection\":[\"inform\u00e1tica \\\/ TI \\\/ Web\",\"m\u00eddias sociais\"],\"inLanguage\":\"pt-BR\"},{\"@type\":\"WebPage\",\"@id\":\"https:\\\/\\\/www.vagasempregosp.com.br\\\/index.php\\\/2024\\\/01\\\/25\\\/gestor-de-trafego-jundiai-sp\\\/\",\"url\":\"https:\\\/\\\/www.vagasempregosp.com.br\\\/index.php\\\/2024\\\/01\\\/25\\\/gestor-de-trafego-jundiai-sp\\\/\",\"name\":\"Gestor de Tr\u00e1fego - Jundia\u00ed - SP - VagasEmpregoSP\",\"isPartOf\":{\"@id\":\"https:\\\/\\\/www.vagasempregosp.com.br\\\/#website\"},\"datePublished\":\"2024-01-25T17:00:07+00:00\",\"breadcrumb\":{\"@id\":\"https:\\\/\\\/www.vagasempregosp.com.br\\\/index.php\\\/2024\\\/01\\\/25\\\/gestor-de-trafego-jundiai-sp\\\/#breadcrumb\"},\"inLanguage\":\"pt-BR\",\"potentialAction\":[{\"@type\":\"ReadAction\",\"target\":[\"https:\\\/\\\/www.vagasempregosp.com.br\\\/index.php\\\/2024\\\/01\\\/25\\\/gestor-de-trafego-jundiai-sp\\\/\"]}]},{\"@type\":\"BreadcrumbList\",\"@id\":\"https:\\\/\\\/www.vagasempregosp.com.br\\\/index.php\\\/2024\\\/01\\\/25\\\/gestor-de-trafego-jundiai-sp\\\/#breadcrumb\",\"itemListElement\":[{\"@type\":\"ListItem\",\"position\":1,\"name\":\"Home\",\"item\":\"https:\\\/\\\/www.vagasempregosp.com.br\\\/\"},{\"@type\":\"ListItem\",\"position\":2,\"name\":\"Gestor de Tr\u00e1fego &#8211; Jundia\u00ed &#8211; SP\"}]},{\"@type\":\"WebSite\",\"@id\":\"https:\\\/\\\/www.vagasempregosp.com.br\\\/#website\",\"url\":\"https:\\\/\\\/www.vagasempregosp.com.br\\\/\",\"name\":\"VagasEmpregoSP\",\"description\":\"Vagas de Emprego e Est\u00e1gio em S\u00e3o Paulo\",\"publisher\":{\"@id\":\"https:\\\/\\\/www.vagasempregosp.com.br\\\/#organization\"},\"potentialAction\":[{\"@type\":\"SearchAction\",\"target\":{\"@type\":\"EntryPoint\",\"urlTemplate\":\"https:\\\/\\\/www.vagasempregosp.com.br\\\/?s={search_term_string}\"},\"query-input\":{\"@type\":\"PropertyValueSpecification\",\"valueRequired\":true,\"valueName\":\"search_term_string\"}}],\"inLanguage\":\"pt-BR\"},{\"@type\":\"Organization\",\"@id\":\"https:\\\/\\\/www.vagasempregosp.com.br\\\/#organization\",\"name\":\"VagasEmpregoSP\",\"url\":\"https:\\\/\\\/www.vagasempregosp.com.br\\\/\",\"logo\":{\"@type\":\"ImageObject\",\"inLanguage\":\"pt-BR\",\"@id\":\"https:\\\/\\\/www.vagasempregosp.com.br\\\/#\\\/schema\\\/logo\\\/image\\\/\",\"url\":\"https:\\\/\\\/www.vagasempregosp.com.br\\\/wp-content\\\/uploads\\\/2025\\\/06\\\/cropped-logovsp2015.jpg\",\"contentUrl\":\"https:\\\/\\\/www.vagasempregosp.com.br\\\/wp-content\\\/uploads\\\/2025\\\/06\\\/cropped-logovsp2015.jpg\",\"width\":323,\"height\":90,\"caption\":\"VagasEmpregoSP\"},\"image\":{\"@id\":\"https:\\\/\\\/www.vagasempregosp.com.br\\\/#\\\/schema\\\/logo\\\/image\\\/\"}},{\"@type\":\"Person\",\"@id\":\"https:\\\/\\\/www.vagasempregosp.com.br\\\/#\\\/schema\\\/person\\\/456ec40bd3c8bc7506f4a4408e8f46d5\",\"name\":\"Vagas Emprego SP\",\"image\":{\"@type\":\"ImageObject\",\"inLanguage\":\"pt-BR\",\"@id\":\"https:\\\/\\\/secure.gravatar.com\\\/avatar\\\/e198f9393383244894b06db503be8cb43011f384a429c7a9f84f3f61c138a35e?s=96&d=mm&r=g\",\"url\":\"https:\\\/\\\/secure.gravatar.com\\\/avatar\\\/e198f9393383244894b06db503be8cb43011f384a429c7a9f84f3f61c138a35e?s=96&d=mm&r=g\",\"contentUrl\":\"https:\\\/\\\/secure.gravatar.com\\\/avatar\\\/e198f9393383244894b06db503be8cb43011f384a429c7a9f84f3f61c138a35e?s=96&d=mm&r=g\",\"caption\":\"Vagas Emprego SP\"},\"url\":\"https:\\\/\\\/www.vagasempregosp.com.br\\\/index.php\\\/author\\\/vagasemprego\\\/\"}]}<\/script>\n<!-- \/ Yoast SEO plugin. -->","yoast_head_json":{"title":"Gestor de Tr\u00e1fego - Jundia\u00ed - SP - VagasEmpregoSP","robots":{"index":"index","follow":"follow","max-snippet":"max-snippet:-1","max-image-preview":"max-image-preview:large","max-video-preview":"max-video-preview:-1"},"canonical":"https:\/\/www.vagasempregosp.com.br\/index.php\/2024\/01\/25\/gestor-de-trafego-jundiai-sp\/","og_locale":"pt_BR","og_type":"article","og_title":"Gestor de Tr\u00e1fego - Jundia\u00ed - SP - VagasEmpregoSP","og_description":"Atribui\u00e7\u00f5es: Sobre a empresa: Somos uma Assessoria de Marketing que potencializa processos de vendas pela internet, com foco absoluto em gerar resultados para os nossos [...]","og_url":"https:\/\/www.vagasempregosp.com.br\/index.php\/2024\/01\/25\/gestor-de-trafego-jundiai-sp\/","og_site_name":"VagasEmpregoSP","article_published_time":"2024-01-25T17:00:07+00:00","author":"Vagas Emprego SP","twitter_card":"summary_large_image","twitter_misc":{"Escrito por":"Vagas Emprego SP","Est. tempo de leitura":"1 minuto"},"schema":{"@context":"https:\/\/schema.org","@graph":[{"@type":"Article","@id":"https:\/\/www.vagasempregosp.com.br\/index.php\/2024\/01\/25\/gestor-de-trafego-jundiai-sp\/#article","isPartOf":{"@id":"https:\/\/www.vagasempregosp.com.br\/index.php\/2024\/01\/25\/gestor-de-trafego-jundiai-sp\/"},"author":{"name":"Vagas Emprego SP","@id":"https:\/\/www.vagasempregosp.com.br\/#\/schema\/person\/456ec40bd3c8bc7506f4a4408e8f46d5"},"headline":"Gestor de Tr\u00e1fego &#8211; Jundia\u00ed &#8211; SP","datePublished":"2024-01-25T17:00:07+00:00","mainEntityOfPage":{"@id":"https:\/\/www.vagasempregosp.com.br\/index.php\/2024\/01\/25\/gestor-de-trafego-jundiai-sp\/"},"wordCount":175,"publisher":{"@id":"https:\/\/www.vagasempregosp.com.br\/#organization"},"articleSection":["inform\u00e1tica \/ TI \/ Web","m\u00eddias sociais"],"inLanguage":"pt-BR"},{"@type":"WebPage","@id":"https:\/\/www.vagasempregosp.com.br\/index.php\/2024\/01\/25\/gestor-de-trafego-jundiai-sp\/","url":"https:\/\/www.vagasempregosp.com.br\/index.php\/2024\/01\/25\/gestor-de-trafego-jundiai-sp\/","name":"Gestor de Tr\u00e1fego - Jundia\u00ed - SP - VagasEmpregoSP","isPartOf":{"@id":"https:\/\/www.vagasempregosp.com.br\/#website"},"datePublished":"2024-01-25T17:00:07+00:00","breadcrumb":{"@id":"https:\/\/www.vagasempregosp.com.br\/index.php\/2024\/01\/25\/gestor-de-trafego-jundiai-sp\/#breadcrumb"},"inLanguage":"pt-BR","potentialAction":[{"@type":"ReadAction","target":["https:\/\/www.vagasempregosp.com.br\/index.php\/2024\/01\/25\/gestor-de-trafego-jundiai-sp\/"]}]},{"@type":"BreadcrumbList","@id":"https:\/\/www.vagasempregosp.com.br\/index.php\/2024\/01\/25\/gestor-de-trafego-jundiai-sp\/#breadcrumb","itemListElement":[{"@type":"ListItem","position":1,"name":"Home","item":"https:\/\/www.vagasempregosp.com.br\/"},{"@type":"ListItem","position":2,"name":"Gestor de Tr\u00e1fego &#8211; Jundia\u00ed &#8211; SP"}]},{"@type":"WebSite","@id":"https:\/\/www.vagasempregosp.com.br\/#website","url":"https:\/\/www.vagasempregosp.com.br\/","name":"VagasEmpregoSP","description":"Vagas de Emprego e Est\u00e1gio em S\u00e3o Paulo","publisher":{"@id":"https:\/\/www.vagasempregosp.com.br\/#organization"},"potentialAction":[{"@type":"SearchAction","target":{"@type":"EntryPoint","urlTemplate":"https:\/\/www.vagasempregosp.com.br\/?s={search_term_string}"},"query-input":{"@type":"PropertyValueSpecification","valueRequired":true,"valueName":"search_term_string"}}],"inLanguage":"pt-BR"},{"@type":"Organization","@id":"https:\/\/www.vagasempregosp.com.br\/#organization","name":"VagasEmpregoSP","url":"https:\/\/www.vagasempregosp.com.br\/","logo":{"@type":"ImageObject","inLanguage":"pt-BR","@id":"https:\/\/www.vagasempregosp.com.br\/#\/schema\/logo\/image\/","url":"https:\/\/www.vagasempregosp.com.br\/wp-content\/uploads\/2025\/06\/cropped-logovsp2015.jpg","contentUrl":"https:\/\/www.vagasempregosp.com.br\/wp-content\/uploads\/2025\/06\/cropped-logovsp2015.jpg","width":323,"height":90,"caption":"VagasEmpregoSP"},"image":{"@id":"https:\/\/www.vagasempregosp.com.br\/#\/schema\/logo\/image\/"}},{"@type":"Person","@id":"https:\/\/www.vagasempregosp.com.br\/#\/schema\/person\/456ec40bd3c8bc7506f4a4408e8f46d5","name":"Vagas Emprego SP","image":{"@type":"ImageObject","inLanguage":"pt-BR","@id":"https:\/\/secure.gravatar.com\/avatar\/e198f9393383244894b06db503be8cb43011f384a429c7a9f84f3f61c138a35e?s=96&d=mm&r=g","url":"https:\/\/secure.gravatar.com\/avatar\/e198f9393383244894b06db503be8cb43011f384a429c7a9f84f3f61c138a35e?s=96&d=mm&r=g","contentUrl":"https:\/\/secure.gravatar.com\/avatar\/e198f9393383244894b06db503be8cb43011f384a429c7a9f84f3f61c138a35e?s=96&d=mm&r=g","caption":"Vagas Emprego SP"},"url":"https:\/\/www.vagasempregosp.com.br\/index.php\/author\/vagasemprego\/"}]}},"_links":{"self":[{"href":"https:\/\/www.vagasempregosp.com.br\/index.php\/wp-json\/wp\/v2\/posts\/63154","targetHints":{"allow":["GET"]}}],"collection":[{"href":"https:\/\/www.vagasempregosp.com.br\/index.php\/wp-json\/wp\/v2\/posts"}],"about":[{"href":"https:\/\/www.vagasempregosp.com.br\/index.php\/wp-json\/wp\/v2\/types\/post"}],"author":[{"embeddable":true,"href":"https:\/\/www.vagasempregosp.com.br\/index.php\/wp-json\/wp\/v2\/users\/2"}],"replies":[{"embeddable":true,"href":"https:\/\/www.vagasempregosp.com.br\/index.php\/wp-json\/wp\/v2\/comments?post=63154"}],"version-history":[{"count":0,"href":"https:\/\/www.vagasempregosp.com.br\/index.php\/wp-json\/wp\/v2\/posts\/63154\/revisions"}],"wp:attachment":[{"href":"https:\/\/www.vagasempregosp.com.br\/index.php\/wp-json\/wp\/v2\/media?parent=63154"}],"wp:term":[{"taxonomy":"category","embeddable":true,"href":"https:\/\/www.vagasempregosp.com.br\/index.php\/wp-json\/wp\/v2\/categories?post=63154"},{"taxonomy":"post_tag","embeddable":true,"href":"https:\/\/www.vagasempregosp.com.br\/index.php\/wp-json\/wp\/v2\/tags?post=63154"}],"curies":[{"name":"wp","href":"https:\/\/api.w.org\/{rel}","templated":true}]}}