{"id":62981,"date":"2023-10-04T11:00:14","date_gmt":"2023-10-04T14:00:14","guid":{"rendered":"https:\/\/www.vagasempregosp.com.br\/?p=62981"},"modified":"2023-10-04T11:00:14","modified_gmt":"2023-10-04T14:00:14","slug":"representante-de-vendas-odontologico-zona-sul-sao-paulo-sao-paulo-sp","status":"publish","type":"post","link":"https:\/\/www.vagasempregosp.com.br\/index.php\/2023\/10\/04\/representante-de-vendas-odontologico-zona-sul-sao-paulo-sao-paulo-sp\/","title":{"rendered":"Representante de Vendas Odontol\u00f3gico &#8211; Zona Sul\/S\u00e3o Paulo &#8211; S\u00e3o Paulo &#8211; SP"},"content":{"rendered":"<p style=\"text-align: justify;\">Atribui\u00e7\u00f5es:<\/p>\n<ul style=\"text-align: justify;\">\n<li>Representante de Vendas &#8211; Ind\u00fastria de Produtos para Higiene Bucal \u2013 Zona Sul\/S\u00e3o Paulo<\/li>\n<li>Empresa Multinacional do Segmento de produtos para higiene bucal est\u00e1 com oportunidade para Representante de Vendas Odontol\u00f3gico. \u00c9 imprescind\u00edvel possuir a experi\u00eancia com a propaganda e vendas de produtos para o mercado odontol\u00f3gico ( consult\u00f3rios odontol\u00f3gicos, cursos de especializa\u00e7\u00e3o e faculdades). Necess\u00e1rio possuir ve\u00edculo pr\u00f3prio.<\/li>\n<\/ul>\n<p style=\"text-align: justify;\">Responsabilidades:<\/p>\n<ul style=\"text-align: justify;\">\n<li>Realiza\u00e7\u00e3o de propaganda t\u00e9cnico cient\u00edfica dos produtos da linha profissional de Higiene Bucal;<\/li>\n<li>Levantamento an\u00e1lise e prepara\u00e7\u00e3o de relat\u00f3rios baseados nos dados do painel de dentistas do setor de responsabilidade;<\/li>\n<li>Representa\u00e7\u00e3o comercial e venda direta de escovas personalizadas e produtos da linha profissional para dentistas;<\/li>\n<li>Estabelecimento de rede de relacionamento com a classe odontol\u00f3gica e desenvolvimento de parcerias;<\/li>\n<li>Acompanhamento de indicadores de recomenda\u00e7\u00e3o; Acompanhamento de \u00edndice de visitas.<\/li>\n<\/ul>\n<p style=\"text-align: justify;\">Requisitos:<\/p>\n<ul style=\"text-align: justify;\">\n<li>\u00c9 imprescind\u00edvel possuir a experi\u00eancia com a propaganda e vendas de produtos para o mercado odontol\u00f3gico ( consult\u00f3rios odontol\u00f3gicos, cursos de especializa\u00e7\u00e3o e faculdades).<\/li>\n<li>Necess\u00e1rio possuir ve\u00edculo pr\u00f3prio.<\/li>\n<\/ul>\n<p style=\"text-align: justify;\">Remunera\u00e7\u00e3o:<\/p>\n<ul style=\"text-align: justify;\">\n<li>A empresa oferece sal\u00e1rio fixo, comiss\u00e3o de 7% e pacote de benef\u00edcios compat\u00edvel com o mercado.<\/li>\n<\/ul>\n<p style=\"text-align: justify;\">Benef\u00edcios:<\/p>\n<ul style=\"text-align: justify;\">\n<li>Vale Refei\u00e7\u00e3o<\/li>\n<li>Vale alimenta\u00e7\u00e3o<\/li>\n<li>Conv\u00eanio M\u00e9dico<\/li>\n<li>Conv\u00eanio Odontol\u00f3gico<\/li>\n<li>Gympass<\/li>\n<li>Km<\/li>\n<li>Descontos nos produtos da empresa.<\/li>\n<li>Comiss\u00e3o de 7% ao m\u00eas sobre as vendas.<\/li>\n<li>Celular<\/li>\n<li>Regime de contrata\u00e7\u00e3o: CLT (Efetivo)<\/li>\n<\/ul>\n<p style=\"text-align: justify;\">Observa\u00e7\u00f5es:<\/p>\n<p style=\"text-align: justify;\">Data m\u00e1xima para envio de curr\u00edculos 03-12-2023<\/p>\n<p style=\"text-align: justify;\">Enviar curr\u00edculo informando a vaga pretendida para <a href=\"mailto:recrutamento.sp18@gmail.com\">recrutamento.sp18@gmail.com<\/a><\/p>\n","protected":false},"excerpt":{"rendered":"<p>Atribui\u00e7\u00f5es: Representante de Vendas &#8211; Ind\u00fastria de Produtos para Higiene Bucal \u2013 Zona Sul\/S\u00e3o Paulo Empresa Multinacional do Segmento de produtos para higiene bucal est\u00e1 [&#8230;]<\/p>\n","protected":false},"author":2,"featured_media":0,"comment_status":"closed","ping_status":"closed","sticky":false,"template":"","format":"standard","meta":{"footnotes":""},"categories":[12,102],"tags":[],"class_list":["post-62981","post","type-post","status-publish","format-standard","hentry","category-vendedor-comercial","category-veiculo-proprio"],"yoast_head":"<!-- This site is optimized with the Yoast SEO plugin v27.5 - https:\/\/yoast.com\/product\/yoast-seo-wordpress\/ -->\n<title>Representante de Vendas Odontol\u00f3gico - Zona Sul\/S\u00e3o Paulo - S\u00e3o Paulo - SP - VagasEmpregoSP<\/title>\n<meta name=\"robots\" content=\"index, follow, max-snippet:-1, max-image-preview:large, max-video-preview:-1\" \/>\n<link rel=\"canonical\" href=\"https:\/\/www.vagasempregosp.com.br\/index.php\/2023\/10\/04\/representante-de-vendas-odontologico-zona-sul-sao-paulo-sao-paulo-sp\/\" \/>\n<meta property=\"og:locale\" content=\"pt_BR\" \/>\n<meta property=\"og:type\" content=\"article\" \/>\n<meta property=\"og:title\" content=\"Representante de Vendas Odontol\u00f3gico - Zona Sul\/S\u00e3o Paulo - S\u00e3o Paulo - SP - VagasEmpregoSP\" \/>\n<meta property=\"og:description\" content=\"Atribui\u00e7\u00f5es: Representante de Vendas &#8211; Ind\u00fastria de Produtos para Higiene Bucal \u2013 Zona Sul\/S\u00e3o Paulo Empresa Multinacional do Segmento de produtos para higiene bucal est\u00e1 [...]\" \/>\n<meta property=\"og:url\" content=\"https:\/\/www.vagasempregosp.com.br\/index.php\/2023\/10\/04\/representante-de-vendas-odontologico-zona-sul-sao-paulo-sao-paulo-sp\/\" \/>\n<meta property=\"og:site_name\" content=\"VagasEmpregoSP\" \/>\n<meta property=\"article:published_time\" content=\"2023-10-04T14:00:14+00:00\" \/>\n<meta name=\"author\" content=\"Vagas Emprego SP\" \/>\n<meta name=\"twitter:card\" content=\"summary_large_image\" \/>\n<meta name=\"twitter:label1\" content=\"Escrito por\" \/>\n\t<meta name=\"twitter:data1\" content=\"Vagas Emprego SP\" \/>\n\t<meta name=\"twitter:label2\" content=\"Est. tempo de leitura\" \/>\n\t<meta name=\"twitter:data2\" content=\"1 minuto\" \/>\n<script type=\"application\/ld+json\" class=\"yoast-schema-graph\">{\"@context\":\"https:\\\/\\\/schema.org\",\"@graph\":[{\"@type\":\"Article\",\"@id\":\"https:\\\/\\\/www.vagasempregosp.com.br\\\/index.php\\\/2023\\\/10\\\/04\\\/representante-de-vendas-odontologico-zona-sul-sao-paulo-sao-paulo-sp\\\/#article\",\"isPartOf\":{\"@id\":\"https:\\\/\\\/www.vagasempregosp.com.br\\\/index.php\\\/2023\\\/10\\\/04\\\/representante-de-vendas-odontologico-zona-sul-sao-paulo-sao-paulo-sp\\\/\"},\"author\":{\"name\":\"Vagas Emprego SP\",\"@id\":\"https:\\\/\\\/www.vagasempregosp.com.br\\\/#\\\/schema\\\/person\\\/456ec40bd3c8bc7506f4a4408e8f46d5\"},\"headline\":\"Representante de Vendas Odontol\u00f3gico &#8211; Zona Sul\\\/S\u00e3o Paulo &#8211; S\u00e3o Paulo &#8211; SP\",\"datePublished\":\"2023-10-04T14:00:14+00:00\",\"mainEntityOfPage\":{\"@id\":\"https:\\\/\\\/www.vagasempregosp.com.br\\\/index.php\\\/2023\\\/10\\\/04\\\/representante-de-vendas-odontologico-zona-sul-sao-paulo-sao-paulo-sp\\\/\"},\"wordCount\":286,\"publisher\":{\"@id\":\"https:\\\/\\\/www.vagasempregosp.com.br\\\/#organization\"},\"articleSection\":[\"comercial \\\/ vendas\",\"ve\u00edculo pr\u00f3prio\"],\"inLanguage\":\"pt-BR\"},{\"@type\":\"WebPage\",\"@id\":\"https:\\\/\\\/www.vagasempregosp.com.br\\\/index.php\\\/2023\\\/10\\\/04\\\/representante-de-vendas-odontologico-zona-sul-sao-paulo-sao-paulo-sp\\\/\",\"url\":\"https:\\\/\\\/www.vagasempregosp.com.br\\\/index.php\\\/2023\\\/10\\\/04\\\/representante-de-vendas-odontologico-zona-sul-sao-paulo-sao-paulo-sp\\\/\",\"name\":\"Representante de Vendas Odontol\u00f3gico - Zona Sul\\\/S\u00e3o Paulo - S\u00e3o Paulo - SP - VagasEmpregoSP\",\"isPartOf\":{\"@id\":\"https:\\\/\\\/www.vagasempregosp.com.br\\\/#website\"},\"datePublished\":\"2023-10-04T14:00:14+00:00\",\"breadcrumb\":{\"@id\":\"https:\\\/\\\/www.vagasempregosp.com.br\\\/index.php\\\/2023\\\/10\\\/04\\\/representante-de-vendas-odontologico-zona-sul-sao-paulo-sao-paulo-sp\\\/#breadcrumb\"},\"inLanguage\":\"pt-BR\",\"potentialAction\":[{\"@type\":\"ReadAction\",\"target\":[\"https:\\\/\\\/www.vagasempregosp.com.br\\\/index.php\\\/2023\\\/10\\\/04\\\/representante-de-vendas-odontologico-zona-sul-sao-paulo-sao-paulo-sp\\\/\"]}]},{\"@type\":\"BreadcrumbList\",\"@id\":\"https:\\\/\\\/www.vagasempregosp.com.br\\\/index.php\\\/2023\\\/10\\\/04\\\/representante-de-vendas-odontologico-zona-sul-sao-paulo-sao-paulo-sp\\\/#breadcrumb\",\"itemListElement\":[{\"@type\":\"ListItem\",\"position\":1,\"name\":\"Home\",\"item\":\"https:\\\/\\\/www.vagasempregosp.com.br\\\/\"},{\"@type\":\"ListItem\",\"position\":2,\"name\":\"Representante de Vendas Odontol\u00f3gico &#8211; Zona Sul\\\/S\u00e3o Paulo &#8211; S\u00e3o Paulo &#8211; SP\"}]},{\"@type\":\"WebSite\",\"@id\":\"https:\\\/\\\/www.vagasempregosp.com.br\\\/#website\",\"url\":\"https:\\\/\\\/www.vagasempregosp.com.br\\\/\",\"name\":\"VagasEmpregoSP\",\"description\":\"Vagas de Emprego e Est\u00e1gio em S\u00e3o Paulo\",\"publisher\":{\"@id\":\"https:\\\/\\\/www.vagasempregosp.com.br\\\/#organization\"},\"potentialAction\":[{\"@type\":\"SearchAction\",\"target\":{\"@type\":\"EntryPoint\",\"urlTemplate\":\"https:\\\/\\\/www.vagasempregosp.com.br\\\/?s={search_term_string}\"},\"query-input\":{\"@type\":\"PropertyValueSpecification\",\"valueRequired\":true,\"valueName\":\"search_term_string\"}}],\"inLanguage\":\"pt-BR\"},{\"@type\":\"Organization\",\"@id\":\"https:\\\/\\\/www.vagasempregosp.com.br\\\/#organization\",\"name\":\"VagasEmpregoSP\",\"url\":\"https:\\\/\\\/www.vagasempregosp.com.br\\\/\",\"logo\":{\"@type\":\"ImageObject\",\"inLanguage\":\"pt-BR\",\"@id\":\"https:\\\/\\\/www.vagasempregosp.com.br\\\/#\\\/schema\\\/logo\\\/image\\\/\",\"url\":\"https:\\\/\\\/www.vagasempregosp.com.br\\\/wp-content\\\/uploads\\\/2025\\\/06\\\/cropped-logovsp2015.jpg\",\"contentUrl\":\"https:\\\/\\\/www.vagasempregosp.com.br\\\/wp-content\\\/uploads\\\/2025\\\/06\\\/cropped-logovsp2015.jpg\",\"width\":323,\"height\":90,\"caption\":\"VagasEmpregoSP\"},\"image\":{\"@id\":\"https:\\\/\\\/www.vagasempregosp.com.br\\\/#\\\/schema\\\/logo\\\/image\\\/\"}},{\"@type\":\"Person\",\"@id\":\"https:\\\/\\\/www.vagasempregosp.com.br\\\/#\\\/schema\\\/person\\\/456ec40bd3c8bc7506f4a4408e8f46d5\",\"name\":\"Vagas Emprego SP\",\"image\":{\"@type\":\"ImageObject\",\"inLanguage\":\"pt-BR\",\"@id\":\"https:\\\/\\\/secure.gravatar.com\\\/avatar\\\/e198f9393383244894b06db503be8cb43011f384a429c7a9f84f3f61c138a35e?s=96&d=mm&r=g\",\"url\":\"https:\\\/\\\/secure.gravatar.com\\\/avatar\\\/e198f9393383244894b06db503be8cb43011f384a429c7a9f84f3f61c138a35e?s=96&d=mm&r=g\",\"contentUrl\":\"https:\\\/\\\/secure.gravatar.com\\\/avatar\\\/e198f9393383244894b06db503be8cb43011f384a429c7a9f84f3f61c138a35e?s=96&d=mm&r=g\",\"caption\":\"Vagas Emprego SP\"},\"url\":\"https:\\\/\\\/www.vagasempregosp.com.br\\\/index.php\\\/author\\\/vagasemprego\\\/\"}]}<\/script>\n<!-- \/ Yoast SEO plugin. -->","yoast_head_json":{"title":"Representante de Vendas Odontol\u00f3gico - Zona Sul\/S\u00e3o Paulo - S\u00e3o Paulo - SP - VagasEmpregoSP","robots":{"index":"index","follow":"follow","max-snippet":"max-snippet:-1","max-image-preview":"max-image-preview:large","max-video-preview":"max-video-preview:-1"},"canonical":"https:\/\/www.vagasempregosp.com.br\/index.php\/2023\/10\/04\/representante-de-vendas-odontologico-zona-sul-sao-paulo-sao-paulo-sp\/","og_locale":"pt_BR","og_type":"article","og_title":"Representante de Vendas Odontol\u00f3gico - Zona Sul\/S\u00e3o Paulo - S\u00e3o Paulo - SP - VagasEmpregoSP","og_description":"Atribui\u00e7\u00f5es: Representante de Vendas &#8211; Ind\u00fastria de Produtos para Higiene Bucal \u2013 Zona Sul\/S\u00e3o Paulo Empresa Multinacional do Segmento de produtos para higiene bucal est\u00e1 [...]","og_url":"https:\/\/www.vagasempregosp.com.br\/index.php\/2023\/10\/04\/representante-de-vendas-odontologico-zona-sul-sao-paulo-sao-paulo-sp\/","og_site_name":"VagasEmpregoSP","article_published_time":"2023-10-04T14:00:14+00:00","author":"Vagas Emprego SP","twitter_card":"summary_large_image","twitter_misc":{"Escrito por":"Vagas Emprego SP","Est. tempo de leitura":"1 minuto"},"schema":{"@context":"https:\/\/schema.org","@graph":[{"@type":"Article","@id":"https:\/\/www.vagasempregosp.com.br\/index.php\/2023\/10\/04\/representante-de-vendas-odontologico-zona-sul-sao-paulo-sao-paulo-sp\/#article","isPartOf":{"@id":"https:\/\/www.vagasempregosp.com.br\/index.php\/2023\/10\/04\/representante-de-vendas-odontologico-zona-sul-sao-paulo-sao-paulo-sp\/"},"author":{"name":"Vagas Emprego SP","@id":"https:\/\/www.vagasempregosp.com.br\/#\/schema\/person\/456ec40bd3c8bc7506f4a4408e8f46d5"},"headline":"Representante de Vendas Odontol\u00f3gico &#8211; Zona Sul\/S\u00e3o Paulo &#8211; S\u00e3o Paulo &#8211; SP","datePublished":"2023-10-04T14:00:14+00:00","mainEntityOfPage":{"@id":"https:\/\/www.vagasempregosp.com.br\/index.php\/2023\/10\/04\/representante-de-vendas-odontologico-zona-sul-sao-paulo-sao-paulo-sp\/"},"wordCount":286,"publisher":{"@id":"https:\/\/www.vagasempregosp.com.br\/#organization"},"articleSection":["comercial \/ vendas","ve\u00edculo pr\u00f3prio"],"inLanguage":"pt-BR"},{"@type":"WebPage","@id":"https:\/\/www.vagasempregosp.com.br\/index.php\/2023\/10\/04\/representante-de-vendas-odontologico-zona-sul-sao-paulo-sao-paulo-sp\/","url":"https:\/\/www.vagasempregosp.com.br\/index.php\/2023\/10\/04\/representante-de-vendas-odontologico-zona-sul-sao-paulo-sao-paulo-sp\/","name":"Representante de Vendas Odontol\u00f3gico - Zona Sul\/S\u00e3o Paulo - S\u00e3o Paulo - SP - VagasEmpregoSP","isPartOf":{"@id":"https:\/\/www.vagasempregosp.com.br\/#website"},"datePublished":"2023-10-04T14:00:14+00:00","breadcrumb":{"@id":"https:\/\/www.vagasempregosp.com.br\/index.php\/2023\/10\/04\/representante-de-vendas-odontologico-zona-sul-sao-paulo-sao-paulo-sp\/#breadcrumb"},"inLanguage":"pt-BR","potentialAction":[{"@type":"ReadAction","target":["https:\/\/www.vagasempregosp.com.br\/index.php\/2023\/10\/04\/representante-de-vendas-odontologico-zona-sul-sao-paulo-sao-paulo-sp\/"]}]},{"@type":"BreadcrumbList","@id":"https:\/\/www.vagasempregosp.com.br\/index.php\/2023\/10\/04\/representante-de-vendas-odontologico-zona-sul-sao-paulo-sao-paulo-sp\/#breadcrumb","itemListElement":[{"@type":"ListItem","position":1,"name":"Home","item":"https:\/\/www.vagasempregosp.com.br\/"},{"@type":"ListItem","position":2,"name":"Representante de Vendas Odontol\u00f3gico &#8211; Zona Sul\/S\u00e3o Paulo &#8211; S\u00e3o Paulo &#8211; SP"}]},{"@type":"WebSite","@id":"https:\/\/www.vagasempregosp.com.br\/#website","url":"https:\/\/www.vagasempregosp.com.br\/","name":"VagasEmpregoSP","description":"Vagas de Emprego e Est\u00e1gio em S\u00e3o Paulo","publisher":{"@id":"https:\/\/www.vagasempregosp.com.br\/#organization"},"potentialAction":[{"@type":"SearchAction","target":{"@type":"EntryPoint","urlTemplate":"https:\/\/www.vagasempregosp.com.br\/?s={search_term_string}"},"query-input":{"@type":"PropertyValueSpecification","valueRequired":true,"valueName":"search_term_string"}}],"inLanguage":"pt-BR"},{"@type":"Organization","@id":"https:\/\/www.vagasempregosp.com.br\/#organization","name":"VagasEmpregoSP","url":"https:\/\/www.vagasempregosp.com.br\/","logo":{"@type":"ImageObject","inLanguage":"pt-BR","@id":"https:\/\/www.vagasempregosp.com.br\/#\/schema\/logo\/image\/","url":"https:\/\/www.vagasempregosp.com.br\/wp-content\/uploads\/2025\/06\/cropped-logovsp2015.jpg","contentUrl":"https:\/\/www.vagasempregosp.com.br\/wp-content\/uploads\/2025\/06\/cropped-logovsp2015.jpg","width":323,"height":90,"caption":"VagasEmpregoSP"},"image":{"@id":"https:\/\/www.vagasempregosp.com.br\/#\/schema\/logo\/image\/"}},{"@type":"Person","@id":"https:\/\/www.vagasempregosp.com.br\/#\/schema\/person\/456ec40bd3c8bc7506f4a4408e8f46d5","name":"Vagas Emprego SP","image":{"@type":"ImageObject","inLanguage":"pt-BR","@id":"https:\/\/secure.gravatar.com\/avatar\/e198f9393383244894b06db503be8cb43011f384a429c7a9f84f3f61c138a35e?s=96&d=mm&r=g","url":"https:\/\/secure.gravatar.com\/avatar\/e198f9393383244894b06db503be8cb43011f384a429c7a9f84f3f61c138a35e?s=96&d=mm&r=g","contentUrl":"https:\/\/secure.gravatar.com\/avatar\/e198f9393383244894b06db503be8cb43011f384a429c7a9f84f3f61c138a35e?s=96&d=mm&r=g","caption":"Vagas Emprego SP"},"url":"https:\/\/www.vagasempregosp.com.br\/index.php\/author\/vagasemprego\/"}]}},"_links":{"self":[{"href":"https:\/\/www.vagasempregosp.com.br\/index.php\/wp-json\/wp\/v2\/posts\/62981","targetHints":{"allow":["GET"]}}],"collection":[{"href":"https:\/\/www.vagasempregosp.com.br\/index.php\/wp-json\/wp\/v2\/posts"}],"about":[{"href":"https:\/\/www.vagasempregosp.com.br\/index.php\/wp-json\/wp\/v2\/types\/post"}],"author":[{"embeddable":true,"href":"https:\/\/www.vagasempregosp.com.br\/index.php\/wp-json\/wp\/v2\/users\/2"}],"replies":[{"embeddable":true,"href":"https:\/\/www.vagasempregosp.com.br\/index.php\/wp-json\/wp\/v2\/comments?post=62981"}],"version-history":[{"count":0,"href":"https:\/\/www.vagasempregosp.com.br\/index.php\/wp-json\/wp\/v2\/posts\/62981\/revisions"}],"wp:attachment":[{"href":"https:\/\/www.vagasempregosp.com.br\/index.php\/wp-json\/wp\/v2\/media?parent=62981"}],"wp:term":[{"taxonomy":"category","embeddable":true,"href":"https:\/\/www.vagasempregosp.com.br\/index.php\/wp-json\/wp\/v2\/categories?post=62981"},{"taxonomy":"post_tag","embeddable":true,"href":"https:\/\/www.vagasempregosp.com.br\/index.php\/wp-json\/wp\/v2\/tags?post=62981"}],"curies":[{"name":"wp","href":"https:\/\/api.w.org\/{rel}","templated":true}]}}