{"id":62939,"date":"2023-09-19T10:00:43","date_gmt":"2023-09-19T13:00:43","guid":{"rendered":"https:\/\/www.vagasempregosp.com.br\/?p=62939"},"modified":"2023-09-19T10:00:43","modified_gmt":"2023-09-19T13:00:43","slug":"consultora-de-filiacao-interno-vendas-internas-sao-paulo-sp","status":"publish","type":"post","link":"https:\/\/www.vagasempregosp.com.br\/index.php\/2023\/09\/19\/consultora-de-filiacao-interno-vendas-internas-sao-paulo-sp\/","title":{"rendered":"Consultor(a) de Filia\u00e7\u00e3o Interno (Vendas Internas) &#8211; S\u00e3o Paulo &#8211; SP"},"content":{"rendered":"<p style=\"text-align: justify;\">Atribui\u00e7\u00f5es:<\/p>\n<ul style=\"text-align: justify;\">\n<li>O profissional ser\u00e1 respons\u00e1vel pela capta\u00e7\u00e3o de novos associados; Alcance de Metas; Manter parcerias; Atendimento presencial;<\/li>\n<li>Fechamento de propostas; Confer\u00eancia e libera\u00e7\u00e3o de propostas; Controle de e-mails; Realiza\u00e7\u00e3o de vistorias.<\/li>\n<\/ul>\n<p style=\"text-align: justify;\">Conhecimentos:<\/p>\n<ul style=\"text-align: justify;\">\n<li>Voc\u00ea ir\u00e1 se destacar se tiver experi\u00eancia no ramo de prote\u00e7\u00e3o veicular, e se for um perfil focado em resultados, com habilidade em negocia\u00e7\u00e3o, pensamento cr\u00edtico, criatividade para solucionar problemas di\u00e1rios e determina\u00e7\u00e3o de perseguir metas.<\/li>\n<\/ul>\n<p style=\"text-align: justify;\">Requisitos:<\/p>\n<ul style=\"text-align: justify;\">\n<li>Ensino M\u00e9dio Completo;<\/li>\n<li>Experi\u00eancia na \u00e1rea comercial.<\/li>\n<\/ul>\n<p style=\"text-align: justify;\">Jornada de Trabalho:<\/p>\n<ul style=\"text-align: justify;\">\n<li>De segunda-feira a sexta-feira das 09:00 \u00e0s 18;00 | S\u00e1bado das 09:00 \u00e0s 13;00.<\/li>\n<\/ul>\n<p style=\"text-align: justify;\">Sal\u00e1rio:<\/p>\n<ul style=\"text-align: justify;\">\n<li>R$ 1.847,00<\/li>\n<\/ul>\n<p style=\"text-align: justify;\">Benef\u00edcios:<\/p>\n<ul style=\"text-align: justify;\">\n<li>Vale transporte;<\/li>\n<li>Vale refei\u00e7\u00e3o;<\/li>\n<li>Conv\u00eanio m\u00e9dico;<\/li>\n<li>Conv\u00eanio odontol\u00f3gico;<\/li>\n<li>Seguro de Vida em Grupo;<\/li>\n<li>Comiss\u00e3o;<\/li>\n<li>Bonifica\u00e7\u00e3o por resultado.<\/li>\n<\/ul>\n<p style=\"text-align: justify;\">Enviar curr\u00edculo informando a vaga pretendida para <a href=\"mailto:gabriela.spagnol@rheserva.com.br\">gabriela.spagnol@rheserva.com.br<\/a><\/p>\n","protected":false},"excerpt":{"rendered":"<p>Atribui\u00e7\u00f5es: O profissional ser\u00e1 respons\u00e1vel pela capta\u00e7\u00e3o de novos associados; Alcance de Metas; Manter parcerias; Atendimento presencial; Fechamento de propostas; Confer\u00eancia e libera\u00e7\u00e3o de propostas; [&#8230;]<\/p>\n","protected":false},"author":2,"featured_media":0,"comment_status":"closed","ping_status":"closed","sticky":false,"template":"","format":"standard","meta":{"footnotes":""},"categories":[12,115],"tags":[],"class_list":["post-62939","post","type-post","status-publish","format-standard","hentry","category-vendedor-comercial","category-ensino-medio"],"yoast_head":"<!-- This site is optimized with the Yoast SEO plugin v27.5 - https:\/\/yoast.com\/product\/yoast-seo-wordpress\/ -->\n<title>Consultor(a) de Filia\u00e7\u00e3o Interno (Vendas Internas) - S\u00e3o Paulo - SP - VagasEmpregoSP<\/title>\n<meta name=\"robots\" content=\"index, follow, max-snippet:-1, max-image-preview:large, max-video-preview:-1\" \/>\n<link rel=\"canonical\" href=\"https:\/\/www.vagasempregosp.com.br\/index.php\/2023\/09\/19\/consultora-de-filiacao-interno-vendas-internas-sao-paulo-sp\/\" \/>\n<meta property=\"og:locale\" content=\"pt_BR\" \/>\n<meta property=\"og:type\" content=\"article\" \/>\n<meta property=\"og:title\" content=\"Consultor(a) de Filia\u00e7\u00e3o Interno (Vendas Internas) - S\u00e3o Paulo - SP - VagasEmpregoSP\" \/>\n<meta property=\"og:description\" content=\"Atribui\u00e7\u00f5es: O profissional ser\u00e1 respons\u00e1vel pela capta\u00e7\u00e3o de novos associados; Alcance de Metas; Manter parcerias; Atendimento presencial; Fechamento de propostas; Confer\u00eancia e libera\u00e7\u00e3o de propostas; [...]\" \/>\n<meta property=\"og:url\" content=\"https:\/\/www.vagasempregosp.com.br\/index.php\/2023\/09\/19\/consultora-de-filiacao-interno-vendas-internas-sao-paulo-sp\/\" \/>\n<meta property=\"og:site_name\" content=\"VagasEmpregoSP\" \/>\n<meta property=\"article:published_time\" content=\"2023-09-19T13:00:43+00:00\" \/>\n<meta name=\"author\" content=\"Vagas Emprego SP\" \/>\n<meta name=\"twitter:card\" content=\"summary_large_image\" \/>\n<meta name=\"twitter:label1\" content=\"Escrito por\" \/>\n\t<meta name=\"twitter:data1\" content=\"Vagas Emprego SP\" \/>\n\t<meta name=\"twitter:label2\" content=\"Est. tempo de leitura\" \/>\n\t<meta name=\"twitter:data2\" content=\"1 minuto\" \/>\n<script type=\"application\/ld+json\" class=\"yoast-schema-graph\">{\"@context\":\"https:\\\/\\\/schema.org\",\"@graph\":[{\"@type\":\"Article\",\"@id\":\"https:\\\/\\\/www.vagasempregosp.com.br\\\/index.php\\\/2023\\\/09\\\/19\\\/consultora-de-filiacao-interno-vendas-internas-sao-paulo-sp\\\/#article\",\"isPartOf\":{\"@id\":\"https:\\\/\\\/www.vagasempregosp.com.br\\\/index.php\\\/2023\\\/09\\\/19\\\/consultora-de-filiacao-interno-vendas-internas-sao-paulo-sp\\\/\"},\"author\":{\"name\":\"Vagas Emprego SP\",\"@id\":\"https:\\\/\\\/www.vagasempregosp.com.br\\\/#\\\/schema\\\/person\\\/456ec40bd3c8bc7506f4a4408e8f46d5\"},\"headline\":\"Consultor(a) de Filia\u00e7\u00e3o Interno (Vendas Internas) &#8211; S\u00e3o Paulo &#8211; SP\",\"datePublished\":\"2023-09-19T13:00:43+00:00\",\"mainEntityOfPage\":{\"@id\":\"https:\\\/\\\/www.vagasempregosp.com.br\\\/index.php\\\/2023\\\/09\\\/19\\\/consultora-de-filiacao-interno-vendas-internas-sao-paulo-sp\\\/\"},\"wordCount\":159,\"publisher\":{\"@id\":\"https:\\\/\\\/www.vagasempregosp.com.br\\\/#organization\"},\"articleSection\":[\"comercial \\\/ vendas\",\"ensino m\u00e9dio\"],\"inLanguage\":\"pt-BR\"},{\"@type\":\"WebPage\",\"@id\":\"https:\\\/\\\/www.vagasempregosp.com.br\\\/index.php\\\/2023\\\/09\\\/19\\\/consultora-de-filiacao-interno-vendas-internas-sao-paulo-sp\\\/\",\"url\":\"https:\\\/\\\/www.vagasempregosp.com.br\\\/index.php\\\/2023\\\/09\\\/19\\\/consultora-de-filiacao-interno-vendas-internas-sao-paulo-sp\\\/\",\"name\":\"Consultor(a) de Filia\u00e7\u00e3o Interno (Vendas Internas) - S\u00e3o Paulo - SP - VagasEmpregoSP\",\"isPartOf\":{\"@id\":\"https:\\\/\\\/www.vagasempregosp.com.br\\\/#website\"},\"datePublished\":\"2023-09-19T13:00:43+00:00\",\"breadcrumb\":{\"@id\":\"https:\\\/\\\/www.vagasempregosp.com.br\\\/index.php\\\/2023\\\/09\\\/19\\\/consultora-de-filiacao-interno-vendas-internas-sao-paulo-sp\\\/#breadcrumb\"},\"inLanguage\":\"pt-BR\",\"potentialAction\":[{\"@type\":\"ReadAction\",\"target\":[\"https:\\\/\\\/www.vagasempregosp.com.br\\\/index.php\\\/2023\\\/09\\\/19\\\/consultora-de-filiacao-interno-vendas-internas-sao-paulo-sp\\\/\"]}]},{\"@type\":\"BreadcrumbList\",\"@id\":\"https:\\\/\\\/www.vagasempregosp.com.br\\\/index.php\\\/2023\\\/09\\\/19\\\/consultora-de-filiacao-interno-vendas-internas-sao-paulo-sp\\\/#breadcrumb\",\"itemListElement\":[{\"@type\":\"ListItem\",\"position\":1,\"name\":\"Home\",\"item\":\"https:\\\/\\\/www.vagasempregosp.com.br\\\/\"},{\"@type\":\"ListItem\",\"position\":2,\"name\":\"Consultor(a) de Filia\u00e7\u00e3o Interno (Vendas Internas) &#8211; S\u00e3o Paulo &#8211; SP\"}]},{\"@type\":\"WebSite\",\"@id\":\"https:\\\/\\\/www.vagasempregosp.com.br\\\/#website\",\"url\":\"https:\\\/\\\/www.vagasempregosp.com.br\\\/\",\"name\":\"VagasEmpregoSP\",\"description\":\"Vagas de Emprego e Est\u00e1gio em S\u00e3o Paulo\",\"publisher\":{\"@id\":\"https:\\\/\\\/www.vagasempregosp.com.br\\\/#organization\"},\"potentialAction\":[{\"@type\":\"SearchAction\",\"target\":{\"@type\":\"EntryPoint\",\"urlTemplate\":\"https:\\\/\\\/www.vagasempregosp.com.br\\\/?s={search_term_string}\"},\"query-input\":{\"@type\":\"PropertyValueSpecification\",\"valueRequired\":true,\"valueName\":\"search_term_string\"}}],\"inLanguage\":\"pt-BR\"},{\"@type\":\"Organization\",\"@id\":\"https:\\\/\\\/www.vagasempregosp.com.br\\\/#organization\",\"name\":\"VagasEmpregoSP\",\"url\":\"https:\\\/\\\/www.vagasempregosp.com.br\\\/\",\"logo\":{\"@type\":\"ImageObject\",\"inLanguage\":\"pt-BR\",\"@id\":\"https:\\\/\\\/www.vagasempregosp.com.br\\\/#\\\/schema\\\/logo\\\/image\\\/\",\"url\":\"https:\\\/\\\/www.vagasempregosp.com.br\\\/wp-content\\\/uploads\\\/2025\\\/06\\\/cropped-logovsp2015.jpg\",\"contentUrl\":\"https:\\\/\\\/www.vagasempregosp.com.br\\\/wp-content\\\/uploads\\\/2025\\\/06\\\/cropped-logovsp2015.jpg\",\"width\":323,\"height\":90,\"caption\":\"VagasEmpregoSP\"},\"image\":{\"@id\":\"https:\\\/\\\/www.vagasempregosp.com.br\\\/#\\\/schema\\\/logo\\\/image\\\/\"}},{\"@type\":\"Person\",\"@id\":\"https:\\\/\\\/www.vagasempregosp.com.br\\\/#\\\/schema\\\/person\\\/456ec40bd3c8bc7506f4a4408e8f46d5\",\"name\":\"Vagas Emprego SP\",\"image\":{\"@type\":\"ImageObject\",\"inLanguage\":\"pt-BR\",\"@id\":\"https:\\\/\\\/secure.gravatar.com\\\/avatar\\\/e198f9393383244894b06db503be8cb43011f384a429c7a9f84f3f61c138a35e?s=96&d=mm&r=g\",\"url\":\"https:\\\/\\\/secure.gravatar.com\\\/avatar\\\/e198f9393383244894b06db503be8cb43011f384a429c7a9f84f3f61c138a35e?s=96&d=mm&r=g\",\"contentUrl\":\"https:\\\/\\\/secure.gravatar.com\\\/avatar\\\/e198f9393383244894b06db503be8cb43011f384a429c7a9f84f3f61c138a35e?s=96&d=mm&r=g\",\"caption\":\"Vagas Emprego SP\"},\"url\":\"https:\\\/\\\/www.vagasempregosp.com.br\\\/index.php\\\/author\\\/vagasemprego\\\/\"}]}<\/script>\n<!-- \/ Yoast SEO plugin. -->","yoast_head_json":{"title":"Consultor(a) de Filia\u00e7\u00e3o Interno (Vendas Internas) - S\u00e3o Paulo - SP - VagasEmpregoSP","robots":{"index":"index","follow":"follow","max-snippet":"max-snippet:-1","max-image-preview":"max-image-preview:large","max-video-preview":"max-video-preview:-1"},"canonical":"https:\/\/www.vagasempregosp.com.br\/index.php\/2023\/09\/19\/consultora-de-filiacao-interno-vendas-internas-sao-paulo-sp\/","og_locale":"pt_BR","og_type":"article","og_title":"Consultor(a) de Filia\u00e7\u00e3o Interno (Vendas Internas) - S\u00e3o Paulo - SP - VagasEmpregoSP","og_description":"Atribui\u00e7\u00f5es: O profissional ser\u00e1 respons\u00e1vel pela capta\u00e7\u00e3o de novos associados; Alcance de Metas; Manter parcerias; Atendimento presencial; Fechamento de propostas; Confer\u00eancia e libera\u00e7\u00e3o de propostas; [...]","og_url":"https:\/\/www.vagasempregosp.com.br\/index.php\/2023\/09\/19\/consultora-de-filiacao-interno-vendas-internas-sao-paulo-sp\/","og_site_name":"VagasEmpregoSP","article_published_time":"2023-09-19T13:00:43+00:00","author":"Vagas Emprego SP","twitter_card":"summary_large_image","twitter_misc":{"Escrito por":"Vagas Emprego SP","Est. tempo de leitura":"1 minuto"},"schema":{"@context":"https:\/\/schema.org","@graph":[{"@type":"Article","@id":"https:\/\/www.vagasempregosp.com.br\/index.php\/2023\/09\/19\/consultora-de-filiacao-interno-vendas-internas-sao-paulo-sp\/#article","isPartOf":{"@id":"https:\/\/www.vagasempregosp.com.br\/index.php\/2023\/09\/19\/consultora-de-filiacao-interno-vendas-internas-sao-paulo-sp\/"},"author":{"name":"Vagas Emprego SP","@id":"https:\/\/www.vagasempregosp.com.br\/#\/schema\/person\/456ec40bd3c8bc7506f4a4408e8f46d5"},"headline":"Consultor(a) de Filia\u00e7\u00e3o Interno (Vendas Internas) &#8211; S\u00e3o Paulo &#8211; SP","datePublished":"2023-09-19T13:00:43+00:00","mainEntityOfPage":{"@id":"https:\/\/www.vagasempregosp.com.br\/index.php\/2023\/09\/19\/consultora-de-filiacao-interno-vendas-internas-sao-paulo-sp\/"},"wordCount":159,"publisher":{"@id":"https:\/\/www.vagasempregosp.com.br\/#organization"},"articleSection":["comercial \/ vendas","ensino m\u00e9dio"],"inLanguage":"pt-BR"},{"@type":"WebPage","@id":"https:\/\/www.vagasempregosp.com.br\/index.php\/2023\/09\/19\/consultora-de-filiacao-interno-vendas-internas-sao-paulo-sp\/","url":"https:\/\/www.vagasempregosp.com.br\/index.php\/2023\/09\/19\/consultora-de-filiacao-interno-vendas-internas-sao-paulo-sp\/","name":"Consultor(a) de Filia\u00e7\u00e3o Interno (Vendas Internas) - S\u00e3o Paulo - SP - VagasEmpregoSP","isPartOf":{"@id":"https:\/\/www.vagasempregosp.com.br\/#website"},"datePublished":"2023-09-19T13:00:43+00:00","breadcrumb":{"@id":"https:\/\/www.vagasempregosp.com.br\/index.php\/2023\/09\/19\/consultora-de-filiacao-interno-vendas-internas-sao-paulo-sp\/#breadcrumb"},"inLanguage":"pt-BR","potentialAction":[{"@type":"ReadAction","target":["https:\/\/www.vagasempregosp.com.br\/index.php\/2023\/09\/19\/consultora-de-filiacao-interno-vendas-internas-sao-paulo-sp\/"]}]},{"@type":"BreadcrumbList","@id":"https:\/\/www.vagasempregosp.com.br\/index.php\/2023\/09\/19\/consultora-de-filiacao-interno-vendas-internas-sao-paulo-sp\/#breadcrumb","itemListElement":[{"@type":"ListItem","position":1,"name":"Home","item":"https:\/\/www.vagasempregosp.com.br\/"},{"@type":"ListItem","position":2,"name":"Consultor(a) de Filia\u00e7\u00e3o Interno (Vendas Internas) &#8211; S\u00e3o Paulo &#8211; SP"}]},{"@type":"WebSite","@id":"https:\/\/www.vagasempregosp.com.br\/#website","url":"https:\/\/www.vagasempregosp.com.br\/","name":"VagasEmpregoSP","description":"Vagas de Emprego e Est\u00e1gio em S\u00e3o Paulo","publisher":{"@id":"https:\/\/www.vagasempregosp.com.br\/#organization"},"potentialAction":[{"@type":"SearchAction","target":{"@type":"EntryPoint","urlTemplate":"https:\/\/www.vagasempregosp.com.br\/?s={search_term_string}"},"query-input":{"@type":"PropertyValueSpecification","valueRequired":true,"valueName":"search_term_string"}}],"inLanguage":"pt-BR"},{"@type":"Organization","@id":"https:\/\/www.vagasempregosp.com.br\/#organization","name":"VagasEmpregoSP","url":"https:\/\/www.vagasempregosp.com.br\/","logo":{"@type":"ImageObject","inLanguage":"pt-BR","@id":"https:\/\/www.vagasempregosp.com.br\/#\/schema\/logo\/image\/","url":"https:\/\/www.vagasempregosp.com.br\/wp-content\/uploads\/2025\/06\/cropped-logovsp2015.jpg","contentUrl":"https:\/\/www.vagasempregosp.com.br\/wp-content\/uploads\/2025\/06\/cropped-logovsp2015.jpg","width":323,"height":90,"caption":"VagasEmpregoSP"},"image":{"@id":"https:\/\/www.vagasempregosp.com.br\/#\/schema\/logo\/image\/"}},{"@type":"Person","@id":"https:\/\/www.vagasempregosp.com.br\/#\/schema\/person\/456ec40bd3c8bc7506f4a4408e8f46d5","name":"Vagas Emprego SP","image":{"@type":"ImageObject","inLanguage":"pt-BR","@id":"https:\/\/secure.gravatar.com\/avatar\/e198f9393383244894b06db503be8cb43011f384a429c7a9f84f3f61c138a35e?s=96&d=mm&r=g","url":"https:\/\/secure.gravatar.com\/avatar\/e198f9393383244894b06db503be8cb43011f384a429c7a9f84f3f61c138a35e?s=96&d=mm&r=g","contentUrl":"https:\/\/secure.gravatar.com\/avatar\/e198f9393383244894b06db503be8cb43011f384a429c7a9f84f3f61c138a35e?s=96&d=mm&r=g","caption":"Vagas Emprego SP"},"url":"https:\/\/www.vagasempregosp.com.br\/index.php\/author\/vagasemprego\/"}]}},"_links":{"self":[{"href":"https:\/\/www.vagasempregosp.com.br\/index.php\/wp-json\/wp\/v2\/posts\/62939","targetHints":{"allow":["GET"]}}],"collection":[{"href":"https:\/\/www.vagasempregosp.com.br\/index.php\/wp-json\/wp\/v2\/posts"}],"about":[{"href":"https:\/\/www.vagasempregosp.com.br\/index.php\/wp-json\/wp\/v2\/types\/post"}],"author":[{"embeddable":true,"href":"https:\/\/www.vagasempregosp.com.br\/index.php\/wp-json\/wp\/v2\/users\/2"}],"replies":[{"embeddable":true,"href":"https:\/\/www.vagasempregosp.com.br\/index.php\/wp-json\/wp\/v2\/comments?post=62939"}],"version-history":[{"count":0,"href":"https:\/\/www.vagasempregosp.com.br\/index.php\/wp-json\/wp\/v2\/posts\/62939\/revisions"}],"wp:attachment":[{"href":"https:\/\/www.vagasempregosp.com.br\/index.php\/wp-json\/wp\/v2\/media?parent=62939"}],"wp:term":[{"taxonomy":"category","embeddable":true,"href":"https:\/\/www.vagasempregosp.com.br\/index.php\/wp-json\/wp\/v2\/categories?post=62939"},{"taxonomy":"post_tag","embeddable":true,"href":"https:\/\/www.vagasempregosp.com.br\/index.php\/wp-json\/wp\/v2\/tags?post=62939"}],"curies":[{"name":"wp","href":"https:\/\/api.w.org\/{rel}","templated":true}]}}